{"id":2795,"date":"2026-03-06T11:47:20","date_gmt":"2026-03-06T11:47:20","guid":{"rendered":"https:\/\/www.nautilusdragados.com\/nautilus-dragados-attends-the-blue-breakfast-perspectives-for-the-future-in-seville\/"},"modified":"2026-03-06T12:29:47","modified_gmt":"2026-03-06T12:29:47","slug":"nautilus-dragados-attends-the-blue-breakfast-perspectives-for-the-future-in-seville","status":"publish","type":"post","link":"https:\/\/www.nautilusdragados.com\/en\/nautilus-dragados-attends-the-blue-breakfast-perspectives-for-the-future-in-seville\/","title":{"rendered":"Nautilus Dragados attends the \u201cBlue Breakfast: Perspectives for the Future\u201d in Seville"},"content":{"rendered":"<p>[et_pb_section fb_built=&#8221;1&#8243; _builder_version=&#8221;4.27.5&#8243; _module_preset=&#8221;default&#8221; global_colors_info=&#8221;{}&#8221; theme_builder_area=&#8221;post_content&#8221;][et_pb_row _builder_version=&#8221;4.27.5&#8243; _module_preset=&#8221;default&#8221; global_colors_info=&#8221;{}&#8221; theme_builder_area=&#8221;post_content&#8221;][et_pb_column type=&#8221;4_4&#8243; _builder_version=&#8221;4.27.5&#8243; _module_preset=&#8221;default&#8221; global_colors_info=&#8221;{}&#8221; theme_builder_area=&#8221;post_content&#8221;][et_pb_text _builder_version=&#8221;4.27.5&#8243; _module_preset=&#8221;default&#8221; link_font=&#8221;|&#8211;et_global_body_font_weight|||on||||&#8221; global_colors_info=&#8221;{}&#8221; theme_builder_area=&#8221;post_content&#8221;]<\/p>\n<p>On February 20, 2026, <strong>Nautilus Dragados<\/strong> was present at the <strong>Blue Breakfast: Perspectives for the Future meeting<\/strong>, organized by the <strong><a href=\"https:\/\/cmma.eu\/\">Maritime-Marine Cluster of Andalusia (CMMA)<\/a><\/strong> together with the newspaper <strong>La Raz\u00f3n<\/strong>, held in the city of Seville.<\/p>\n<p>This meeting brought together institutional representatives, companies and experts from the maritime, port and logistics sectors to analyze the role of the <strong>blue economy as an engine of development and growth for Seville and its surroundings<\/strong>.<\/p>\n<p>&nbsp;<\/p>\n<p>[\/et_pb_text][et_pb_image src=&#8221;https:\/\/www.nautilusdragados.com\/wp-content\/uploads\/2026\/03\/desayuno-azul-perspectivas.jpeg&#8221; alt=&#8221;Blue Breakfast: Perspectives for the Future&#8221; title_text=&#8221;Blue Breakfast&#8221; _builder_version=&#8221;4.27.5&#8243; _module_preset=&#8221;default&#8221; global_colors_info=&#8221;{}&#8221; theme_builder_area=&#8221;post_content&#8221;][\/et_pb_image][et_pb_text _builder_version=&#8221;4.27.5&#8243; _module_preset=&#8221;default&#8221; global_colors_info=&#8221;{}&#8221; theme_builder_area=&#8221;post_content&#8221;]<\/p>\n<h3>Round table: the blue economy as a vector of growth<\/h3>\n<p>During the event, a round table discussion entitled <strong>&#8220;Blue Economy as a growth vector for Seville&#8221;<\/strong> took place, in which prominent figures from the institutional, business and academic fields participated:<\/p>\n<ul>\n<li><strong>Alberto Barroso Caro<\/strong>, Director of the CIUSA Innovation Centre and Professor at the University of Seville<\/li>\n<li><strong>Carmen Tovar Rodr\u00edguez<\/strong>, Special Delegate of the Minister of Finance to the Seville Free Trade Zone Consortium<\/li>\n<li><strong>Manuel Parejo<\/strong>, Director of the Seville Open for Business office<\/li>\n<li><strong>Fernando Torres Canadell<\/strong>, Manager of Grupo Fons\u00e1n<\/li>\n<\/ul>\n<p>The panel was moderated by <strong>Jos\u00e9 Lugo<\/strong>, <strong>La Raz\u00f3n&#8217;s<\/strong> delegate in Andalusia.<\/p>\n<p>During the debate, key issues related to the <strong>development of the maritime sector, technological innovation, sustainability and economic opportunities linked to the port and river environment were addressed<\/strong>, highlighting the strategic role of the port of Seville and the companies that operate in the blue economy ecosystem.<\/p>\n<p>[\/et_pb_text][\/et_pb_column][\/et_pb_row][et_pb_row column_structure=&#8221;1_2,1_2&#8243; _builder_version=&#8221;4.27.5&#8243; _module_preset=&#8221;default&#8221; global_colors_info=&#8221;{}&#8221; theme_builder_area=&#8221;post_content&#8221;][et_pb_column type=&#8221;1_2&#8243; _builder_version=&#8221;4.27.5&#8243; _module_preset=&#8221;default&#8221; global_colors_info=&#8221;{}&#8221; theme_builder_area=&#8221;post_content&#8221;][et_pb_image src=&#8221;https:\/\/www.nautilusdragados.com\/wp-content\/uploads\/2026\/03\/desayuno-azul-institucional.jpeg&#8221; alt=&#8221;Francisco Manen, representatives of the maritime sector&#8221; title_text=&#8221;Blue Breakfast&#8221; _builder_version=&#8221;4.27.5&#8243; _module_preset=&#8221;default&#8221; global_colors_info=&#8221;{}&#8221; theme_builder_area=&#8221;post_content&#8221;][\/et_pb_image][et_pb_text _builder_version=&#8221;4.27.5&#8243; _module_preset=&#8221;default&#8221; theme_builder_area=&#8221;post_content&#8221; hover_enabled=&#8221;0&#8243; sticky_enabled=&#8221;0&#8243; text_font_size_last_edited=&#8221;on|desktop&#8221; text_font_size=&#8221;12px&#8221; text_font_size_tablet=&#8221;12px&#8221; text_font_size_phone=&#8221;12px&#8221;]<\/p>\n<p class=\"p1\">From left to right: Mr. Rafael Carmona, president of the Port Authority of Seville, Mr. Javier Noriega, president of the Maritime Cluster of Andalusia and Mr. Francisco Al\u00ed Man\u00e9n, general manager of Nautilus Dragados.<\/p>\n<p>[\/et_pb_text][\/et_pb_column][et_pb_column type=&#8221;1_2&#8243; _builder_version=&#8221;4.27.5&#8243; _module_preset=&#8221;default&#8221; global_colors_info=&#8221;{}&#8221; theme_builder_area=&#8221;post_content&#8221;][et_pb_text _builder_version=&#8221;4.27.5&#8243; _module_preset=&#8221;default&#8221; global_colors_info=&#8221;{}&#8221; theme_builder_area=&#8221;post_content&#8221;]<\/p>\n<h3>Institutional meeting<\/h3>\n<p>During the event, our CEO, <strong>Francisco Al\u00ed Man\u00e9n<\/strong>, had the opportunity to share impressions with <strong>Rafael Carmona<\/strong>, president of the <strong>Port Authority of Seville<\/strong>, and with <strong>Javier Noriega<\/strong>, president of the <strong>Maritime-Marine Cluster of Andalusia<\/strong>.<\/p>\n<p>These meetings reinforce the importance of <strong>collaboration between companies, institutions and organizations in the maritime sector<\/strong>, which is key to promoting projects related to the <strong>sustainable management of the coastline, port infrastructure and the development of the blue economy<\/strong>.<\/p>\n<p>At Nautilus Dragados we continue to actively participate in the sector&#8217;s forums and dialogue spaces, contributing our experience in <strong><a href=\"https:\/\/www.nautilusdragados.com\/en\/dredging-of-harbours-beaches-and-rivers\/\">dredging<\/a><\/strong>, <strong><a href=\"https:\/\/www.nautilusdragados.com\/en\/beach-restoration\/\">coastal restoration<\/a><\/strong> and <a href=\"https:\/\/www.nautilusdragados.com\/en\/environment\/\">sustainable solutions<\/a> for maritime and port environments.<\/p>\n<p>[\/et_pb_text][\/et_pb_column][\/et_pb_row][\/et_pb_section]<\/p>\n","protected":false},"excerpt":{"rendered":"<p>On February 20, 2026, Nautilus Dragados was present at the Blue Breakfast: Perspectives for the Future meeting, organized by the Maritime-Marine Cluster of Andalusia (CMMA) together with the newspaper La Raz\u00f3n, held in the city of Seville. This meeting brought together institutional representatives, companies and experts from the maritime, port and logistics sectors to analyze the role of the blue economy as an engine of development and growth for Seville and its surroundings. &nbsp;Round table: the blue economy as a vector of growth During the event, a round table discussion entitled &#8220;Blue Economy as a growth vector for Seville&#8221; took place, in which prominent figures from the institutional, business and academic fields participated: Alberto Barroso Caro, Director of the CIUSA Innovation Centre and Professor at the University of Seville Carmen Tovar Rodr\u00edguez, Special Delegate of the Minister of Finance to the Seville Free Trade Zone Consortium Manuel Parejo, Director of the Seville Open for Business office Fernando Torres Canadell, Manager of Grupo Fons\u00e1n The panel was moderated by Jos\u00e9 Lugo, La Raz\u00f3n&#8217;s delegate in Andalusia. During the debate, key issues related to the development of the maritime sector, technological innovation, sustainability and economic opportunities linked to the port and river [&hellip;]<\/p>\n","protected":false},"author":1,"featured_media":2791,"comment_status":"closed","ping_status":"closed","sticky":false,"template":"","format":"standard","meta":{"_et_pb_use_builder":"on","_et_pb_old_content":"","_et_gb_content_width":"","footnotes":""},"categories":[1],"tags":[],"class_list":["post-2795","post","type-post","status-publish","format-standard","has-post-thumbnail","hentry","category-sin-categorizar"],"yoast_head":"<!-- This site is optimized with the Yoast SEO plugin v27.5 - https:\/\/yoast.com\/product\/yoast-seo-wordpress\/ -->\n<title>Nautilus Dragados attends the \u201cBlue Breakfast: Perspectives for the Future\u201d in Seville - Nautilus Dragados<\/title>\n<meta name=\"robots\" content=\"index, follow, max-snippet:-1, max-image-preview:large, max-video-preview:-1\" \/>\n<link rel=\"canonical\" href=\"https:\/\/www.nautilusdragados.com\/en\/nautilus-dragados-attends-the-blue-breakfast-perspectives-for-the-future-in-seville\/\" \/>\n<meta property=\"og:locale\" content=\"en_US\" \/>\n<meta property=\"og:type\" content=\"article\" \/>\n<meta property=\"og:title\" content=\"Nautilus Dragados attends the \u201cBlue Breakfast: Perspectives for the Future\u201d in Seville - Nautilus Dragados\" \/>\n<meta property=\"og:description\" content=\"On February 20, 2026, Nautilus Dragados was present at the Blue Breakfast: Perspectives for the Future meeting, organized by the Maritime-Marine Cluster of Andalusia (CMMA) together with the newspaper La Raz\u00f3n, held in the city of Seville. This meeting brought together institutional representatives, companies and experts from the maritime, port and logistics sectors to analyze the role of the blue economy as an engine of development and growth for Seville and its surroundings. &nbsp;Round table: the blue economy as a vector of growth During the event, a round table discussion entitled &quot;Blue Economy as a growth vector for Seville&quot; took place, in which prominent figures from the institutional, business and academic fields participated: Alberto Barroso Caro, Director of the CIUSA Innovation Centre and Professor at the University of Seville Carmen Tovar Rodr\u00edguez, Special Delegate of the Minister of Finance to the Seville Free Trade Zone Consortium Manuel Parejo, Director of the Seville Open for Business office Fernando Torres Canadell, Manager of Grupo Fons\u00e1n The panel was moderated by Jos\u00e9 Lugo, La Raz\u00f3n&#039;s delegate in Andalusia. During the debate, key issues related to the development of the maritime sector, technological innovation, sustainability and economic opportunities linked to the port and river [&hellip;]\" \/>\n<meta property=\"og:url\" content=\"https:\/\/www.nautilusdragados.com\/en\/nautilus-dragados-attends-the-blue-breakfast-perspectives-for-the-future-in-seville\/\" \/>\n<meta property=\"og:site_name\" content=\"Nautilus Dragados\" \/>\n<meta property=\"article:published_time\" content=\"2026-03-06T11:47:20+00:00\" \/>\n<meta property=\"article:modified_time\" content=\"2026-03-06T12:29:47+00:00\" \/>\n<meta property=\"og:image\" content=\"https:\/\/www.nautilusdragados.com\/wp-content\/uploads\/2026\/03\/desayuno-azul-presencia.jpg\" \/>\n\t<meta property=\"og:image:width\" content=\"1200\" \/>\n\t<meta property=\"og:image:height\" content=\"800\" \/>\n\t<meta property=\"og:image:type\" content=\"image\/jpeg\" \/>\n<meta name=\"author\" content=\"admin\" \/>\n<meta name=\"twitter:card\" content=\"summary_large_image\" \/>\n<meta name=\"twitter:label1\" content=\"Written by\" \/>\n\t<meta name=\"twitter:data1\" content=\"admin\" \/>\n\t<meta name=\"twitter:label2\" content=\"Est. reading time\" \/>\n\t<meta name=\"twitter:data2\" content=\"3 minutes\" \/>\n<script type=\"application\/ld+json\" class=\"yoast-schema-graph\">{\"@context\":\"https:\\\/\\\/schema.org\",\"@graph\":[{\"@type\":\"Article\",\"@id\":\"https:\\\/\\\/www.nautilusdragados.com\\\/en\\\/nautilus-dragados-attends-the-blue-breakfast-perspectives-for-the-future-in-seville\\\/#article\",\"isPartOf\":{\"@id\":\"https:\\\/\\\/www.nautilusdragados.com\\\/en\\\/nautilus-dragados-attends-the-blue-breakfast-perspectives-for-the-future-in-seville\\\/\"},\"author\":{\"name\":\"admin\",\"@id\":\"https:\\\/\\\/www.nautilusdragados.com\\\/en\\\/#\\\/schema\\\/person\\\/a7320e568496fcef6ae2fbdd392893fb\"},\"headline\":\"Nautilus Dragados attends the \u201cBlue Breakfast: Perspectives for the Future\u201d in Seville\",\"datePublished\":\"2026-03-06T11:47:20+00:00\",\"dateModified\":\"2026-03-06T12:29:47+00:00\",\"mainEntityOfPage\":{\"@id\":\"https:\\\/\\\/www.nautilusdragados.com\\\/en\\\/nautilus-dragados-attends-the-blue-breakfast-perspectives-for-the-future-in-seville\\\/\"},\"wordCount\":687,\"publisher\":{\"@id\":\"https:\\\/\\\/www.nautilusdragados.com\\\/en\\\/#organization\"},\"image\":{\"@id\":\"https:\\\/\\\/www.nautilusdragados.com\\\/en\\\/nautilus-dragados-attends-the-blue-breakfast-perspectives-for-the-future-in-seville\\\/#primaryimage\"},\"thumbnailUrl\":\"https:\\\/\\\/www.nautilusdragados.com\\\/wp-content\\\/uploads\\\/2026\\\/03\\\/desayuno-azul-presencia.jpg\",\"articleSection\":[\"Sin categorizar\"],\"inLanguage\":\"en-US\"},{\"@type\":\"WebPage\",\"@id\":\"https:\\\/\\\/www.nautilusdragados.com\\\/en\\\/nautilus-dragados-attends-the-blue-breakfast-perspectives-for-the-future-in-seville\\\/\",\"url\":\"https:\\\/\\\/www.nautilusdragados.com\\\/en\\\/nautilus-dragados-attends-the-blue-breakfast-perspectives-for-the-future-in-seville\\\/\",\"name\":\"Nautilus Dragados attends the \u201cBlue Breakfast: Perspectives for the Future\u201d in Seville - Nautilus Dragados\",\"isPartOf\":{\"@id\":\"https:\\\/\\\/www.nautilusdragados.com\\\/en\\\/#website\"},\"primaryImageOfPage\":{\"@id\":\"https:\\\/\\\/www.nautilusdragados.com\\\/en\\\/nautilus-dragados-attends-the-blue-breakfast-perspectives-for-the-future-in-seville\\\/#primaryimage\"},\"image\":{\"@id\":\"https:\\\/\\\/www.nautilusdragados.com\\\/en\\\/nautilus-dragados-attends-the-blue-breakfast-perspectives-for-the-future-in-seville\\\/#primaryimage\"},\"thumbnailUrl\":\"https:\\\/\\\/www.nautilusdragados.com\\\/wp-content\\\/uploads\\\/2026\\\/03\\\/desayuno-azul-presencia.jpg\",\"datePublished\":\"2026-03-06T11:47:20+00:00\",\"dateModified\":\"2026-03-06T12:29:47+00:00\",\"breadcrumb\":{\"@id\":\"https:\\\/\\\/www.nautilusdragados.com\\\/en\\\/nautilus-dragados-attends-the-blue-breakfast-perspectives-for-the-future-in-seville\\\/#breadcrumb\"},\"inLanguage\":\"en-US\",\"potentialAction\":[{\"@type\":\"ReadAction\",\"target\":[\"https:\\\/\\\/www.nautilusdragados.com\\\/en\\\/nautilus-dragados-attends-the-blue-breakfast-perspectives-for-the-future-in-seville\\\/\"]}]},{\"@type\":\"ImageObject\",\"inLanguage\":\"en-US\",\"@id\":\"https:\\\/\\\/www.nautilusdragados.com\\\/en\\\/nautilus-dragados-attends-the-blue-breakfast-perspectives-for-the-future-in-seville\\\/#primaryimage\",\"url\":\"https:\\\/\\\/www.nautilusdragados.com\\\/wp-content\\\/uploads\\\/2026\\\/03\\\/desayuno-azul-presencia.jpg\",\"contentUrl\":\"https:\\\/\\\/www.nautilusdragados.com\\\/wp-content\\\/uploads\\\/2026\\\/03\\\/desayuno-azul-presencia.jpg\",\"width\":1200,\"height\":800,\"caption\":\"Desayuno Azul\"},{\"@type\":\"BreadcrumbList\",\"@id\":\"https:\\\/\\\/www.nautilusdragados.com\\\/en\\\/nautilus-dragados-attends-the-blue-breakfast-perspectives-for-the-future-in-seville\\\/#breadcrumb\",\"itemListElement\":[{\"@type\":\"ListItem\",\"position\":1,\"name\":\"Portada\",\"item\":\"https:\\\/\\\/www.nautilusdragados.com\\\/en\\\/\"},{\"@type\":\"ListItem\",\"position\":2,\"name\":\"Nautilus Dragados attends the \u201cBlue Breakfast: Perspectives for the Future\u201d in Seville\"}]},{\"@type\":\"WebSite\",\"@id\":\"https:\\\/\\\/www.nautilusdragados.com\\\/en\\\/#website\",\"url\":\"https:\\\/\\\/www.nautilusdragados.com\\\/en\\\/\",\"name\":\"Dragados Nautilus\",\"description\":\"Retos medioambientales marinos\",\"publisher\":{\"@id\":\"https:\\\/\\\/www.nautilusdragados.com\\\/en\\\/#organization\"},\"potentialAction\":[{\"@type\":\"SearchAction\",\"target\":{\"@type\":\"EntryPoint\",\"urlTemplate\":\"https:\\\/\\\/www.nautilusdragados.com\\\/en\\\/?s={search_term_string}\"},\"query-input\":{\"@type\":\"PropertyValueSpecification\",\"valueRequired\":true,\"valueName\":\"search_term_string\"}}],\"inLanguage\":\"en-US\"},{\"@type\":\"Organization\",\"@id\":\"https:\\\/\\\/www.nautilusdragados.com\\\/en\\\/#organization\",\"name\":\"Dragados Nautilus\",\"url\":\"https:\\\/\\\/www.nautilusdragados.com\\\/en\\\/\",\"logo\":{\"@type\":\"ImageObject\",\"inLanguage\":\"en-US\",\"@id\":\"https:\\\/\\\/www.nautilusdragados.com\\\/en\\\/#\\\/schema\\\/logo\\\/image\\\/\",\"url\":\"https:\\\/\\\/www.nautilusdragados.com\\\/wp-content\\\/uploads\\\/2024\\\/09\\\/logo-nautilus.png\",\"contentUrl\":\"https:\\\/\\\/www.nautilusdragados.com\\\/wp-content\\\/uploads\\\/2024\\\/09\\\/logo-nautilus.png\",\"width\":482,\"height\":115,\"caption\":\"Dragados Nautilus\"},\"image\":{\"@id\":\"https:\\\/\\\/www.nautilusdragados.com\\\/en\\\/#\\\/schema\\\/logo\\\/image\\\/\"}},{\"@type\":\"Person\",\"@id\":\"https:\\\/\\\/www.nautilusdragados.com\\\/en\\\/#\\\/schema\\\/person\\\/a7320e568496fcef6ae2fbdd392893fb\",\"name\":\"admin\",\"image\":{\"@type\":\"ImageObject\",\"inLanguage\":\"en-US\",\"@id\":\"https:\\\/\\\/secure.gravatar.com\\\/avatar\\\/8d6dcab9ee12841d4b3c71b7639455bb04683d31fd41ad66ec3164209d3e2a0b?s=96&d=mm&r=g\",\"url\":\"https:\\\/\\\/secure.gravatar.com\\\/avatar\\\/8d6dcab9ee12841d4b3c71b7639455bb04683d31fd41ad66ec3164209d3e2a0b?s=96&d=mm&r=g\",\"contentUrl\":\"https:\\\/\\\/secure.gravatar.com\\\/avatar\\\/8d6dcab9ee12841d4b3c71b7639455bb04683d31fd41ad66ec3164209d3e2a0b?s=96&d=mm&r=g\",\"caption\":\"admin\"},\"sameAs\":[\"https:\\\/\\\/www.nautilusdragados.com\"],\"url\":\"https:\\\/\\\/www.nautilusdragados.com\\\/en\\\/author\\\/admin\\\/\"}]}<\/script>\n<!-- \/ Yoast SEO plugin. -->","yoast_head_json":{"title":"Nautilus Dragados attends the \u201cBlue Breakfast: Perspectives for the Future\u201d in Seville - Nautilus Dragados","robots":{"index":"index","follow":"follow","max-snippet":"max-snippet:-1","max-image-preview":"max-image-preview:large","max-video-preview":"max-video-preview:-1"},"canonical":"https:\/\/www.nautilusdragados.com\/en\/nautilus-dragados-attends-the-blue-breakfast-perspectives-for-the-future-in-seville\/","og_locale":"en_US","og_type":"article","og_title":"Nautilus Dragados attends the \u201cBlue Breakfast: Perspectives for the Future\u201d in Seville - Nautilus Dragados","og_description":"On February 20, 2026, Nautilus Dragados was present at the Blue Breakfast: Perspectives for the Future meeting, organized by the Maritime-Marine Cluster of Andalusia (CMMA) together with the newspaper La Raz\u00f3n, held in the city of Seville. This meeting brought together institutional representatives, companies and experts from the maritime, port and logistics sectors to analyze the role of the blue economy as an engine of development and growth for Seville and its surroundings. &nbsp;Round table: the blue economy as a vector of growth During the event, a round table discussion entitled \"Blue Economy as a growth vector for Seville\" took place, in which prominent figures from the institutional, business and academic fields participated: Alberto Barroso Caro, Director of the CIUSA Innovation Centre and Professor at the University of Seville Carmen Tovar Rodr\u00edguez, Special Delegate of the Minister of Finance to the Seville Free Trade Zone Consortium Manuel Parejo, Director of the Seville Open for Business office Fernando Torres Canadell, Manager of Grupo Fons\u00e1n The panel was moderated by Jos\u00e9 Lugo, La Raz\u00f3n's delegate in Andalusia. During the debate, key issues related to the development of the maritime sector, technological innovation, sustainability and economic opportunities linked to the port and river [&hellip;]","og_url":"https:\/\/www.nautilusdragados.com\/en\/nautilus-dragados-attends-the-blue-breakfast-perspectives-for-the-future-in-seville\/","og_site_name":"Nautilus Dragados","article_published_time":"2026-03-06T11:47:20+00:00","article_modified_time":"2026-03-06T12:29:47+00:00","og_image":[{"width":1200,"height":800,"url":"https:\/\/www.nautilusdragados.com\/wp-content\/uploads\/2026\/03\/desayuno-azul-presencia.jpg","type":"image\/jpeg"}],"author":"admin","twitter_card":"summary_large_image","twitter_misc":{"Written by":"admin","Est. reading time":"3 minutes"},"schema":{"@context":"https:\/\/schema.org","@graph":[{"@type":"Article","@id":"https:\/\/www.nautilusdragados.com\/en\/nautilus-dragados-attends-the-blue-breakfast-perspectives-for-the-future-in-seville\/#article","isPartOf":{"@id":"https:\/\/www.nautilusdragados.com\/en\/nautilus-dragados-attends-the-blue-breakfast-perspectives-for-the-future-in-seville\/"},"author":{"name":"admin","@id":"https:\/\/www.nautilusdragados.com\/en\/#\/schema\/person\/a7320e568496fcef6ae2fbdd392893fb"},"headline":"Nautilus Dragados attends the \u201cBlue Breakfast: Perspectives for the Future\u201d in Seville","datePublished":"2026-03-06T11:47:20+00:00","dateModified":"2026-03-06T12:29:47+00:00","mainEntityOfPage":{"@id":"https:\/\/www.nautilusdragados.com\/en\/nautilus-dragados-attends-the-blue-breakfast-perspectives-for-the-future-in-seville\/"},"wordCount":687,"publisher":{"@id":"https:\/\/www.nautilusdragados.com\/en\/#organization"},"image":{"@id":"https:\/\/www.nautilusdragados.com\/en\/nautilus-dragados-attends-the-blue-breakfast-perspectives-for-the-future-in-seville\/#primaryimage"},"thumbnailUrl":"https:\/\/www.nautilusdragados.com\/wp-content\/uploads\/2026\/03\/desayuno-azul-presencia.jpg","articleSection":["Sin categorizar"],"inLanguage":"en-US"},{"@type":"WebPage","@id":"https:\/\/www.nautilusdragados.com\/en\/nautilus-dragados-attends-the-blue-breakfast-perspectives-for-the-future-in-seville\/","url":"https:\/\/www.nautilusdragados.com\/en\/nautilus-dragados-attends-the-blue-breakfast-perspectives-for-the-future-in-seville\/","name":"Nautilus Dragados attends the \u201cBlue Breakfast: Perspectives for the Future\u201d in Seville - Nautilus Dragados","isPartOf":{"@id":"https:\/\/www.nautilusdragados.com\/en\/#website"},"primaryImageOfPage":{"@id":"https:\/\/www.nautilusdragados.com\/en\/nautilus-dragados-attends-the-blue-breakfast-perspectives-for-the-future-in-seville\/#primaryimage"},"image":{"@id":"https:\/\/www.nautilusdragados.com\/en\/nautilus-dragados-attends-the-blue-breakfast-perspectives-for-the-future-in-seville\/#primaryimage"},"thumbnailUrl":"https:\/\/www.nautilusdragados.com\/wp-content\/uploads\/2026\/03\/desayuno-azul-presencia.jpg","datePublished":"2026-03-06T11:47:20+00:00","dateModified":"2026-03-06T12:29:47+00:00","breadcrumb":{"@id":"https:\/\/www.nautilusdragados.com\/en\/nautilus-dragados-attends-the-blue-breakfast-perspectives-for-the-future-in-seville\/#breadcrumb"},"inLanguage":"en-US","potentialAction":[{"@type":"ReadAction","target":["https:\/\/www.nautilusdragados.com\/en\/nautilus-dragados-attends-the-blue-breakfast-perspectives-for-the-future-in-seville\/"]}]},{"@type":"ImageObject","inLanguage":"en-US","@id":"https:\/\/www.nautilusdragados.com\/en\/nautilus-dragados-attends-the-blue-breakfast-perspectives-for-the-future-in-seville\/#primaryimage","url":"https:\/\/www.nautilusdragados.com\/wp-content\/uploads\/2026\/03\/desayuno-azul-presencia.jpg","contentUrl":"https:\/\/www.nautilusdragados.com\/wp-content\/uploads\/2026\/03\/desayuno-azul-presencia.jpg","width":1200,"height":800,"caption":"Desayuno Azul"},{"@type":"BreadcrumbList","@id":"https:\/\/www.nautilusdragados.com\/en\/nautilus-dragados-attends-the-blue-breakfast-perspectives-for-the-future-in-seville\/#breadcrumb","itemListElement":[{"@type":"ListItem","position":1,"name":"Portada","item":"https:\/\/www.nautilusdragados.com\/en\/"},{"@type":"ListItem","position":2,"name":"Nautilus Dragados attends the \u201cBlue Breakfast: Perspectives for the Future\u201d in Seville"}]},{"@type":"WebSite","@id":"https:\/\/www.nautilusdragados.com\/en\/#website","url":"https:\/\/www.nautilusdragados.com\/en\/","name":"Dragados Nautilus","description":"Retos medioambientales marinos","publisher":{"@id":"https:\/\/www.nautilusdragados.com\/en\/#organization"},"potentialAction":[{"@type":"SearchAction","target":{"@type":"EntryPoint","urlTemplate":"https:\/\/www.nautilusdragados.com\/en\/?s={search_term_string}"},"query-input":{"@type":"PropertyValueSpecification","valueRequired":true,"valueName":"search_term_string"}}],"inLanguage":"en-US"},{"@type":"Organization","@id":"https:\/\/www.nautilusdragados.com\/en\/#organization","name":"Dragados Nautilus","url":"https:\/\/www.nautilusdragados.com\/en\/","logo":{"@type":"ImageObject","inLanguage":"en-US","@id":"https:\/\/www.nautilusdragados.com\/en\/#\/schema\/logo\/image\/","url":"https:\/\/www.nautilusdragados.com\/wp-content\/uploads\/2024\/09\/logo-nautilus.png","contentUrl":"https:\/\/www.nautilusdragados.com\/wp-content\/uploads\/2024\/09\/logo-nautilus.png","width":482,"height":115,"caption":"Dragados Nautilus"},"image":{"@id":"https:\/\/www.nautilusdragados.com\/en\/#\/schema\/logo\/image\/"}},{"@type":"Person","@id":"https:\/\/www.nautilusdragados.com\/en\/#\/schema\/person\/a7320e568496fcef6ae2fbdd392893fb","name":"admin","image":{"@type":"ImageObject","inLanguage":"en-US","@id":"https:\/\/secure.gravatar.com\/avatar\/8d6dcab9ee12841d4b3c71b7639455bb04683d31fd41ad66ec3164209d3e2a0b?s=96&d=mm&r=g","url":"https:\/\/secure.gravatar.com\/avatar\/8d6dcab9ee12841d4b3c71b7639455bb04683d31fd41ad66ec3164209d3e2a0b?s=96&d=mm&r=g","contentUrl":"https:\/\/secure.gravatar.com\/avatar\/8d6dcab9ee12841d4b3c71b7639455bb04683d31fd41ad66ec3164209d3e2a0b?s=96&d=mm&r=g","caption":"admin"},"sameAs":["https:\/\/www.nautilusdragados.com"],"url":"https:\/\/www.nautilusdragados.com\/en\/author\/admin\/"}]}},"_links":{"self":[{"href":"https:\/\/www.nautilusdragados.com\/en\/wp-json\/wp\/v2\/posts\/2795","targetHints":{"allow":["GET"]}}],"collection":[{"href":"https:\/\/www.nautilusdragados.com\/en\/wp-json\/wp\/v2\/posts"}],"about":[{"href":"https:\/\/www.nautilusdragados.com\/en\/wp-json\/wp\/v2\/types\/post"}],"author":[{"embeddable":true,"href":"https:\/\/www.nautilusdragados.com\/en\/wp-json\/wp\/v2\/users\/1"}],"replies":[{"embeddable":true,"href":"https:\/\/www.nautilusdragados.com\/en\/wp-json\/wp\/v2\/comments?post=2795"}],"version-history":[{"count":7,"href":"https:\/\/www.nautilusdragados.com\/en\/wp-json\/wp\/v2\/posts\/2795\/revisions"}],"predecessor-version":[{"id":2807,"href":"https:\/\/www.nautilusdragados.com\/en\/wp-json\/wp\/v2\/posts\/2795\/revisions\/2807"}],"wp:featuredmedia":[{"embeddable":true,"href":"https:\/\/www.nautilusdragados.com\/en\/wp-json\/wp\/v2\/media\/2791"}],"wp:attachment":[{"href":"https:\/\/www.nautilusdragados.com\/en\/wp-json\/wp\/v2\/media?parent=2795"}],"wp:term":[{"taxonomy":"category","embeddable":true,"href":"https:\/\/www.nautilusdragados.com\/en\/wp-json\/wp\/v2\/categories?post=2795"},{"taxonomy":"post_tag","embeddable":true,"href":"https:\/\/www.nautilusdragados.com\/en\/wp-json\/wp\/v2\/tags?post=2795"}],"curies":[{"name":"wp","href":"https:\/\/api.w.org\/{rel}","templated":true}]}}