{"id":2246,"date":"2025-06-30T07:42:43","date_gmt":"2025-06-30T07:42:43","guid":{"rendered":"https:\/\/www.nautilusdragados.com\/%f0%9f%8c%8a-dynamiser-ensemble-leconomie-bleue-de-landalousie\/"},"modified":"2025-07-28T08:19:19","modified_gmt":"2025-07-28T08:19:19","slug":"%f0%9f%8c%8a-dynamiser-ensemble-leconomie-bleue-de-landalousie","status":"publish","type":"post","link":"https:\/\/www.nautilusdragados.com\/fr\/%f0%9f%8c%8a-dynamiser-ensemble-leconomie-bleue-de-landalousie\/","title":{"rendered":"\ud83c\udf0a Dynamiser ensemble l&rsquo;\u00e9conomie bleue de l&rsquo;Andalousie"},"content":{"rendered":"<p>[et_pb_section fb_built=\u00a0\u00bb1&Prime; theme_builder_area=\u00a0\u00bbpost_content\u00a0\u00bb _builder_version=\u00a0\u00bb4.27.4&Prime; _module_preset=\u00a0\u00bbdefault\u00a0\u00bb][et_pb_row _builder_version=\u00a0\u00bb4.27.4&Prime; _module_preset=\u00a0\u00bbdefault\u00a0\u00bb theme_builder_area=\u00a0\u00bbpost_content\u00a0\u00bb][et_pb_column _builder_version=\u00a0\u00bb4.27.4&Prime; _module_preset=\u00a0\u00bbdefault\u00a0\u00bb type=\u00a0\u00bb4_4&Prime; theme_builder_area=\u00a0\u00bbpost_content\u00a0\u00bb][et_pb_text _builder_version=\u00a0\u00bb4.27.4&Prime; _module_preset=\u00a0\u00bbdefault\u00a0\u00bb theme_builder_area=\u00a0\u00bbpost_content\u00a0\u00bb hover_enabled=\u00a0\u00bb0&Prime; sticky_enabled=\u00a0\u00bb0&Prime;]<\/p>\n<p data-start=\"260\" data-end=\"445\">Le <strong data-start=\"270\" data-end=\"285\">27 juin<\/strong>, nous avons eu le plaisir d\u2019accueillir <strong data-start=\"426\" data-end=\"444\">Javier Noriega<\/strong>, pr\u00e9sident du <a href=\"https:\/\/cmma.eu\/\" target=\"_blank\" rel=\"noopener\"><strong data-start=\"384\" data-end=\"424\">Cluster Marine-Maritime Andalou<\/strong><\/a>, dans nos installations logistiques terrestres.<\/p>\n<p data-start=\"447\" data-end=\"728\">Au cours de la visite, nous avons tenu une r\u00e9union cl\u00e9 pour explorer les pistes de collaboration entre <strong data-start=\"536\" data-end=\"557\">Nautilus Dragados<\/strong> et la <a href=\"https:\/\/www.nautilusdragados.com\/fr\/presentation-de-la-strategie-andalouse-pour-leconomie-bleue-ea2\/\">strat\u00e9gie <strong data-start=\"586\" data-end=\"603\">d&rsquo;\u00e9conomie bleue<\/strong> andalouse<\/a>, en partageant des propositions et des points de rencontre pour renforcer le d\u00e9veloppement durable du secteur maritime dans notre r\u00e9gion.<\/p>\n<p data-start=\"730\" data-end=\"957\">Chez <strong data-start=\"733\" data-end=\"754\">Nautilus Dragados<\/strong>, nous sommes fermement engag\u00e9s en faveur de l\u2019innovation, de la durabilit\u00e9 et de la croissance \u00e9conomique li\u00e9es \u00e0 la mer, et nous croyons au pouvoir de la coop\u00e9ration public-priv\u00e9 pour parvenir \u00e0 un avenir plus bleu.<\/p>\n<p data-start=\"959\" data-end=\"1056\">\ud83c\udf0d Nous continuons \u00e0 travailler pour prot\u00e9ger, restaurer et dynamiser nos environnements marins et c\u00f4tiers.<\/p>\n<p>[\/et_pb_text][\/et_pb_column][\/et_pb_row][\/et_pb_section]<\/p>\n","protected":false},"excerpt":{"rendered":"<p>Le 27 juin, nous avons eu le plaisir d\u2019accueillir Javier Noriega, pr\u00e9sident du Cluster Marine-Maritime Andalou, dans nos installations logistiques terrestres. Au cours de la visite, nous avons tenu une r\u00e9union cl\u00e9 pour explorer les pistes de collaboration entre Nautilus Dragados et la strat\u00e9gie d&rsquo;\u00e9conomie bleue andalouse, en partageant des propositions et des points de rencontre pour renforcer le d\u00e9veloppement durable du secteur maritime dans notre r\u00e9gion. Chez Nautilus Dragados, nous sommes fermement engag\u00e9s en faveur de l\u2019innovation, de la durabilit\u00e9 et de la croissance \u00e9conomique li\u00e9es \u00e0 la mer, et nous croyons au pouvoir de la coop\u00e9ration public-priv\u00e9 pour parvenir \u00e0 un avenir plus bleu. \ud83c\udf0d Nous continuons \u00e0 travailler pour prot\u00e9ger, restaurer et dynamiser nos environnements marins et c\u00f4tiers.<\/p>\n","protected":false},"author":1,"featured_media":2212,"comment_status":"open","ping_status":"open","sticky":false,"template":"","format":"standard","meta":{"_et_pb_use_builder":"on","_et_pb_old_content":"","_et_gb_content_width":"","footnotes":""},"categories":[12],"tags":[],"class_list":["post-2246","post","type-post","status-publish","format-standard","has-post-thumbnail","hentry","category-non-classifiee"],"yoast_head":"<!-- This site is optimized with the Yoast SEO plugin v27.5 - https:\/\/yoast.com\/product\/yoast-seo-wordpress\/ -->\n<title>\ud83c\udf0a Dynamiser ensemble l&#039;\u00e9conomie bleue de l&#039;Andalousie - Nautilus Dragados<\/title>\n<meta name=\"robots\" content=\"index, follow, max-snippet:-1, max-image-preview:large, max-video-preview:-1\" \/>\n<link rel=\"canonical\" href=\"https:\/\/www.nautilusdragados.com\/fr\/%f0%9f%8c%8a-dynamiser-ensemble-leconomie-bleue-de-landalousie\/\" \/>\n<meta property=\"og:locale\" content=\"fr_FR\" \/>\n<meta property=\"og:type\" content=\"article\" \/>\n<meta property=\"og:title\" content=\"\ud83c\udf0a Dynamiser ensemble l&#039;\u00e9conomie bleue de l&#039;Andalousie - Nautilus Dragados\" \/>\n<meta property=\"og:description\" content=\"Le 27 juin, nous avons eu le plaisir d\u2019accueillir Javier Noriega, pr\u00e9sident du Cluster Marine-Maritime Andalou, dans nos installations logistiques terrestres. Au cours de la visite, nous avons tenu une r\u00e9union cl\u00e9 pour explorer les pistes de collaboration entre Nautilus Dragados et la strat\u00e9gie d&#039;\u00e9conomie bleue andalouse, en partageant des propositions et des points de rencontre pour renforcer le d\u00e9veloppement durable du secteur maritime dans notre r\u00e9gion. Chez Nautilus Dragados, nous sommes fermement engag\u00e9s en faveur de l\u2019innovation, de la durabilit\u00e9 et de la croissance \u00e9conomique li\u00e9es \u00e0 la mer, et nous croyons au pouvoir de la coop\u00e9ration public-priv\u00e9 pour parvenir \u00e0 un avenir plus bleu. \ud83c\udf0d Nous continuons \u00e0 travailler pour prot\u00e9ger, restaurer et dynamiser nos environnements marins et c\u00f4tiers.\" \/>\n<meta property=\"og:url\" content=\"https:\/\/www.nautilusdragados.com\/fr\/%f0%9f%8c%8a-dynamiser-ensemble-leconomie-bleue-de-landalousie\/\" \/>\n<meta property=\"og:site_name\" content=\"Nautilus Dragados\" \/>\n<meta property=\"article:published_time\" content=\"2025-06-30T07:42:43+00:00\" \/>\n<meta property=\"article:modified_time\" content=\"2025-07-28T08:19:19+00:00\" \/>\n<meta property=\"og:image\" content=\"https:\/\/www.nautilusdragados.com\/wp-content\/uploads\/2025\/06\/visita-noriega-nautilus.jpg\" \/>\n\t<meta property=\"og:image:width\" content=\"1200\" \/>\n\t<meta property=\"og:image:height\" content=\"800\" \/>\n\t<meta property=\"og:image:type\" content=\"image\/jpeg\" \/>\n<meta name=\"author\" content=\"admin\" \/>\n<meta name=\"twitter:card\" content=\"summary_large_image\" \/>\n<meta name=\"twitter:label1\" content=\"\u00c9crit par\" \/>\n\t<meta name=\"twitter:data1\" content=\"admin\" \/>\n\t<meta name=\"twitter:label2\" content=\"Dur\u00e9e de lecture estim\u00e9e\" \/>\n\t<meta name=\"twitter:data2\" content=\"1 minute\" \/>\n<script type=\"application\/ld+json\" class=\"yoast-schema-graph\">{\"@context\":\"https:\\\/\\\/schema.org\",\"@graph\":[{\"@type\":\"Article\",\"@id\":\"https:\\\/\\\/www.nautilusdragados.com\\\/fr\\\/%f0%9f%8c%8a-dynamiser-ensemble-leconomie-bleue-de-landalousie\\\/#article\",\"isPartOf\":{\"@id\":\"https:\\\/\\\/www.nautilusdragados.com\\\/fr\\\/%f0%9f%8c%8a-dynamiser-ensemble-leconomie-bleue-de-landalousie\\\/\"},\"author\":{\"name\":\"admin\",\"@id\":\"https:\\\/\\\/www.nautilusdragados.com\\\/fr\\\/#\\\/schema\\\/person\\\/a7320e568496fcef6ae2fbdd392893fb\"},\"headline\":\"\ud83c\udf0a Dynamiser ensemble l&rsquo;\u00e9conomie bleue de l&rsquo;Andalousie\",\"datePublished\":\"2025-06-30T07:42:43+00:00\",\"dateModified\":\"2025-07-28T08:19:19+00:00\",\"mainEntityOfPage\":{\"@id\":\"https:\\\/\\\/www.nautilusdragados.com\\\/fr\\\/%f0%9f%8c%8a-dynamiser-ensemble-leconomie-bleue-de-landalousie\\\/\"},\"wordCount\":208,\"commentCount\":0,\"publisher\":{\"@id\":\"https:\\\/\\\/www.nautilusdragados.com\\\/fr\\\/#organization\"},\"image\":{\"@id\":\"https:\\\/\\\/www.nautilusdragados.com\\\/fr\\\/%f0%9f%8c%8a-dynamiser-ensemble-leconomie-bleue-de-landalousie\\\/#primaryimage\"},\"thumbnailUrl\":\"https:\\\/\\\/www.nautilusdragados.com\\\/wp-content\\\/uploads\\\/2025\\\/06\\\/visita-noriega-nautilus.jpg\",\"articleSection\":[\"Non classifi\u00e9(e)\"],\"inLanguage\":\"fr-FR\"},{\"@type\":\"WebPage\",\"@id\":\"https:\\\/\\\/www.nautilusdragados.com\\\/fr\\\/%f0%9f%8c%8a-dynamiser-ensemble-leconomie-bleue-de-landalousie\\\/\",\"url\":\"https:\\\/\\\/www.nautilusdragados.com\\\/fr\\\/%f0%9f%8c%8a-dynamiser-ensemble-leconomie-bleue-de-landalousie\\\/\",\"name\":\"\ud83c\udf0a Dynamiser ensemble l'\u00e9conomie bleue de l'Andalousie - Nautilus Dragados\",\"isPartOf\":{\"@id\":\"https:\\\/\\\/www.nautilusdragados.com\\\/fr\\\/#website\"},\"primaryImageOfPage\":{\"@id\":\"https:\\\/\\\/www.nautilusdragados.com\\\/fr\\\/%f0%9f%8c%8a-dynamiser-ensemble-leconomie-bleue-de-landalousie\\\/#primaryimage\"},\"image\":{\"@id\":\"https:\\\/\\\/www.nautilusdragados.com\\\/fr\\\/%f0%9f%8c%8a-dynamiser-ensemble-leconomie-bleue-de-landalousie\\\/#primaryimage\"},\"thumbnailUrl\":\"https:\\\/\\\/www.nautilusdragados.com\\\/wp-content\\\/uploads\\\/2025\\\/06\\\/visita-noriega-nautilus.jpg\",\"datePublished\":\"2025-06-30T07:42:43+00:00\",\"dateModified\":\"2025-07-28T08:19:19+00:00\",\"breadcrumb\":{\"@id\":\"https:\\\/\\\/www.nautilusdragados.com\\\/fr\\\/%f0%9f%8c%8a-dynamiser-ensemble-leconomie-bleue-de-landalousie\\\/#breadcrumb\"},\"inLanguage\":\"fr-FR\",\"potentialAction\":[{\"@type\":\"ReadAction\",\"target\":[\"https:\\\/\\\/www.nautilusdragados.com\\\/fr\\\/%f0%9f%8c%8a-dynamiser-ensemble-leconomie-bleue-de-landalousie\\\/\"]}]},{\"@type\":\"ImageObject\",\"inLanguage\":\"fr-FR\",\"@id\":\"https:\\\/\\\/www.nautilusdragados.com\\\/fr\\\/%f0%9f%8c%8a-dynamiser-ensemble-leconomie-bleue-de-landalousie\\\/#primaryimage\",\"url\":\"https:\\\/\\\/www.nautilusdragados.com\\\/wp-content\\\/uploads\\\/2025\\\/06\\\/visita-noriega-nautilus.jpg\",\"contentUrl\":\"https:\\\/\\\/www.nautilusdragados.com\\\/wp-content\\\/uploads\\\/2025\\\/06\\\/visita-noriega-nautilus.jpg\",\"width\":1200,\"height\":800,\"caption\":\"Javier Noriega posa junto a Fran Manen junto a contenedores de Nautilus Dragados\"},{\"@type\":\"BreadcrumbList\",\"@id\":\"https:\\\/\\\/www.nautilusdragados.com\\\/fr\\\/%f0%9f%8c%8a-dynamiser-ensemble-leconomie-bleue-de-landalousie\\\/#breadcrumb\",\"itemListElement\":[{\"@type\":\"ListItem\",\"position\":1,\"name\":\"Portada\",\"item\":\"https:\\\/\\\/www.nautilusdragados.com\\\/fr\\\/\"},{\"@type\":\"ListItem\",\"position\":2,\"name\":\"\ud83c\udf0a Dynamiser ensemble l&rsquo;\u00e9conomie bleue de l&rsquo;Andalousie\"}]},{\"@type\":\"WebSite\",\"@id\":\"https:\\\/\\\/www.nautilusdragados.com\\\/fr\\\/#website\",\"url\":\"https:\\\/\\\/www.nautilusdragados.com\\\/fr\\\/\",\"name\":\"Dragados Nautilus\",\"description\":\"Retos medioambientales marinos\",\"publisher\":{\"@id\":\"https:\\\/\\\/www.nautilusdragados.com\\\/fr\\\/#organization\"},\"potentialAction\":[{\"@type\":\"SearchAction\",\"target\":{\"@type\":\"EntryPoint\",\"urlTemplate\":\"https:\\\/\\\/www.nautilusdragados.com\\\/fr\\\/?s={search_term_string}\"},\"query-input\":{\"@type\":\"PropertyValueSpecification\",\"valueRequired\":true,\"valueName\":\"search_term_string\"}}],\"inLanguage\":\"fr-FR\"},{\"@type\":\"Organization\",\"@id\":\"https:\\\/\\\/www.nautilusdragados.com\\\/fr\\\/#organization\",\"name\":\"Dragados Nautilus\",\"url\":\"https:\\\/\\\/www.nautilusdragados.com\\\/fr\\\/\",\"logo\":{\"@type\":\"ImageObject\",\"inLanguage\":\"fr-FR\",\"@id\":\"https:\\\/\\\/www.nautilusdragados.com\\\/fr\\\/#\\\/schema\\\/logo\\\/image\\\/\",\"url\":\"https:\\\/\\\/www.nautilusdragados.com\\\/wp-content\\\/uploads\\\/2024\\\/09\\\/logo-nautilus.png\",\"contentUrl\":\"https:\\\/\\\/www.nautilusdragados.com\\\/wp-content\\\/uploads\\\/2024\\\/09\\\/logo-nautilus.png\",\"width\":482,\"height\":115,\"caption\":\"Dragados Nautilus\"},\"image\":{\"@id\":\"https:\\\/\\\/www.nautilusdragados.com\\\/fr\\\/#\\\/schema\\\/logo\\\/image\\\/\"}},{\"@type\":\"Person\",\"@id\":\"https:\\\/\\\/www.nautilusdragados.com\\\/fr\\\/#\\\/schema\\\/person\\\/a7320e568496fcef6ae2fbdd392893fb\",\"name\":\"admin\",\"image\":{\"@type\":\"ImageObject\",\"inLanguage\":\"fr-FR\",\"@id\":\"https:\\\/\\\/secure.gravatar.com\\\/avatar\\\/8d6dcab9ee12841d4b3c71b7639455bb04683d31fd41ad66ec3164209d3e2a0b?s=96&d=mm&r=g\",\"url\":\"https:\\\/\\\/secure.gravatar.com\\\/avatar\\\/8d6dcab9ee12841d4b3c71b7639455bb04683d31fd41ad66ec3164209d3e2a0b?s=96&d=mm&r=g\",\"contentUrl\":\"https:\\\/\\\/secure.gravatar.com\\\/avatar\\\/8d6dcab9ee12841d4b3c71b7639455bb04683d31fd41ad66ec3164209d3e2a0b?s=96&d=mm&r=g\",\"caption\":\"admin\"},\"sameAs\":[\"https:\\\/\\\/www.nautilusdragados.com\"],\"url\":\"https:\\\/\\\/www.nautilusdragados.com\\\/fr\\\/author\\\/admin\\\/\"}]}<\/script>\n<!-- \/ Yoast SEO plugin. -->","yoast_head_json":{"title":"\ud83c\udf0a Dynamiser ensemble l'\u00e9conomie bleue de l'Andalousie - Nautilus Dragados","robots":{"index":"index","follow":"follow","max-snippet":"max-snippet:-1","max-image-preview":"max-image-preview:large","max-video-preview":"max-video-preview:-1"},"canonical":"https:\/\/www.nautilusdragados.com\/fr\/%f0%9f%8c%8a-dynamiser-ensemble-leconomie-bleue-de-landalousie\/","og_locale":"fr_FR","og_type":"article","og_title":"\ud83c\udf0a Dynamiser ensemble l'\u00e9conomie bleue de l'Andalousie - Nautilus Dragados","og_description":"Le 27 juin, nous avons eu le plaisir d\u2019accueillir Javier Noriega, pr\u00e9sident du Cluster Marine-Maritime Andalou, dans nos installations logistiques terrestres. Au cours de la visite, nous avons tenu une r\u00e9union cl\u00e9 pour explorer les pistes de collaboration entre Nautilus Dragados et la strat\u00e9gie d'\u00e9conomie bleue andalouse, en partageant des propositions et des points de rencontre pour renforcer le d\u00e9veloppement durable du secteur maritime dans notre r\u00e9gion. Chez Nautilus Dragados, nous sommes fermement engag\u00e9s en faveur de l\u2019innovation, de la durabilit\u00e9 et de la croissance \u00e9conomique li\u00e9es \u00e0 la mer, et nous croyons au pouvoir de la coop\u00e9ration public-priv\u00e9 pour parvenir \u00e0 un avenir plus bleu. \ud83c\udf0d Nous continuons \u00e0 travailler pour prot\u00e9ger, restaurer et dynamiser nos environnements marins et c\u00f4tiers.","og_url":"https:\/\/www.nautilusdragados.com\/fr\/%f0%9f%8c%8a-dynamiser-ensemble-leconomie-bleue-de-landalousie\/","og_site_name":"Nautilus Dragados","article_published_time":"2025-06-30T07:42:43+00:00","article_modified_time":"2025-07-28T08:19:19+00:00","og_image":[{"width":1200,"height":800,"url":"https:\/\/www.nautilusdragados.com\/wp-content\/uploads\/2025\/06\/visita-noriega-nautilus.jpg","type":"image\/jpeg"}],"author":"admin","twitter_card":"summary_large_image","twitter_misc":{"\u00c9crit par":"admin","Dur\u00e9e de lecture estim\u00e9e":"1 minute"},"schema":{"@context":"https:\/\/schema.org","@graph":[{"@type":"Article","@id":"https:\/\/www.nautilusdragados.com\/fr\/%f0%9f%8c%8a-dynamiser-ensemble-leconomie-bleue-de-landalousie\/#article","isPartOf":{"@id":"https:\/\/www.nautilusdragados.com\/fr\/%f0%9f%8c%8a-dynamiser-ensemble-leconomie-bleue-de-landalousie\/"},"author":{"name":"admin","@id":"https:\/\/www.nautilusdragados.com\/fr\/#\/schema\/person\/a7320e568496fcef6ae2fbdd392893fb"},"headline":"\ud83c\udf0a Dynamiser ensemble l&rsquo;\u00e9conomie bleue de l&rsquo;Andalousie","datePublished":"2025-06-30T07:42:43+00:00","dateModified":"2025-07-28T08:19:19+00:00","mainEntityOfPage":{"@id":"https:\/\/www.nautilusdragados.com\/fr\/%f0%9f%8c%8a-dynamiser-ensemble-leconomie-bleue-de-landalousie\/"},"wordCount":208,"commentCount":0,"publisher":{"@id":"https:\/\/www.nautilusdragados.com\/fr\/#organization"},"image":{"@id":"https:\/\/www.nautilusdragados.com\/fr\/%f0%9f%8c%8a-dynamiser-ensemble-leconomie-bleue-de-landalousie\/#primaryimage"},"thumbnailUrl":"https:\/\/www.nautilusdragados.com\/wp-content\/uploads\/2025\/06\/visita-noriega-nautilus.jpg","articleSection":["Non classifi\u00e9(e)"],"inLanguage":"fr-FR"},{"@type":"WebPage","@id":"https:\/\/www.nautilusdragados.com\/fr\/%f0%9f%8c%8a-dynamiser-ensemble-leconomie-bleue-de-landalousie\/","url":"https:\/\/www.nautilusdragados.com\/fr\/%f0%9f%8c%8a-dynamiser-ensemble-leconomie-bleue-de-landalousie\/","name":"\ud83c\udf0a Dynamiser ensemble l'\u00e9conomie bleue de l'Andalousie - Nautilus Dragados","isPartOf":{"@id":"https:\/\/www.nautilusdragados.com\/fr\/#website"},"primaryImageOfPage":{"@id":"https:\/\/www.nautilusdragados.com\/fr\/%f0%9f%8c%8a-dynamiser-ensemble-leconomie-bleue-de-landalousie\/#primaryimage"},"image":{"@id":"https:\/\/www.nautilusdragados.com\/fr\/%f0%9f%8c%8a-dynamiser-ensemble-leconomie-bleue-de-landalousie\/#primaryimage"},"thumbnailUrl":"https:\/\/www.nautilusdragados.com\/wp-content\/uploads\/2025\/06\/visita-noriega-nautilus.jpg","datePublished":"2025-06-30T07:42:43+00:00","dateModified":"2025-07-28T08:19:19+00:00","breadcrumb":{"@id":"https:\/\/www.nautilusdragados.com\/fr\/%f0%9f%8c%8a-dynamiser-ensemble-leconomie-bleue-de-landalousie\/#breadcrumb"},"inLanguage":"fr-FR","potentialAction":[{"@type":"ReadAction","target":["https:\/\/www.nautilusdragados.com\/fr\/%f0%9f%8c%8a-dynamiser-ensemble-leconomie-bleue-de-landalousie\/"]}]},{"@type":"ImageObject","inLanguage":"fr-FR","@id":"https:\/\/www.nautilusdragados.com\/fr\/%f0%9f%8c%8a-dynamiser-ensemble-leconomie-bleue-de-landalousie\/#primaryimage","url":"https:\/\/www.nautilusdragados.com\/wp-content\/uploads\/2025\/06\/visita-noriega-nautilus.jpg","contentUrl":"https:\/\/www.nautilusdragados.com\/wp-content\/uploads\/2025\/06\/visita-noriega-nautilus.jpg","width":1200,"height":800,"caption":"Javier Noriega posa junto a Fran Manen junto a contenedores de Nautilus Dragados"},{"@type":"BreadcrumbList","@id":"https:\/\/www.nautilusdragados.com\/fr\/%f0%9f%8c%8a-dynamiser-ensemble-leconomie-bleue-de-landalousie\/#breadcrumb","itemListElement":[{"@type":"ListItem","position":1,"name":"Portada","item":"https:\/\/www.nautilusdragados.com\/fr\/"},{"@type":"ListItem","position":2,"name":"\ud83c\udf0a Dynamiser ensemble l&rsquo;\u00e9conomie bleue de l&rsquo;Andalousie"}]},{"@type":"WebSite","@id":"https:\/\/www.nautilusdragados.com\/fr\/#website","url":"https:\/\/www.nautilusdragados.com\/fr\/","name":"Dragados Nautilus","description":"Retos medioambientales marinos","publisher":{"@id":"https:\/\/www.nautilusdragados.com\/fr\/#organization"},"potentialAction":[{"@type":"SearchAction","target":{"@type":"EntryPoint","urlTemplate":"https:\/\/www.nautilusdragados.com\/fr\/?s={search_term_string}"},"query-input":{"@type":"PropertyValueSpecification","valueRequired":true,"valueName":"search_term_string"}}],"inLanguage":"fr-FR"},{"@type":"Organization","@id":"https:\/\/www.nautilusdragados.com\/fr\/#organization","name":"Dragados Nautilus","url":"https:\/\/www.nautilusdragados.com\/fr\/","logo":{"@type":"ImageObject","inLanguage":"fr-FR","@id":"https:\/\/www.nautilusdragados.com\/fr\/#\/schema\/logo\/image\/","url":"https:\/\/www.nautilusdragados.com\/wp-content\/uploads\/2024\/09\/logo-nautilus.png","contentUrl":"https:\/\/www.nautilusdragados.com\/wp-content\/uploads\/2024\/09\/logo-nautilus.png","width":482,"height":115,"caption":"Dragados Nautilus"},"image":{"@id":"https:\/\/www.nautilusdragados.com\/fr\/#\/schema\/logo\/image\/"}},{"@type":"Person","@id":"https:\/\/www.nautilusdragados.com\/fr\/#\/schema\/person\/a7320e568496fcef6ae2fbdd392893fb","name":"admin","image":{"@type":"ImageObject","inLanguage":"fr-FR","@id":"https:\/\/secure.gravatar.com\/avatar\/8d6dcab9ee12841d4b3c71b7639455bb04683d31fd41ad66ec3164209d3e2a0b?s=96&d=mm&r=g","url":"https:\/\/secure.gravatar.com\/avatar\/8d6dcab9ee12841d4b3c71b7639455bb04683d31fd41ad66ec3164209d3e2a0b?s=96&d=mm&r=g","contentUrl":"https:\/\/secure.gravatar.com\/avatar\/8d6dcab9ee12841d4b3c71b7639455bb04683d31fd41ad66ec3164209d3e2a0b?s=96&d=mm&r=g","caption":"admin"},"sameAs":["https:\/\/www.nautilusdragados.com"],"url":"https:\/\/www.nautilusdragados.com\/fr\/author\/admin\/"}]}},"_links":{"self":[{"href":"https:\/\/www.nautilusdragados.com\/fr\/wp-json\/wp\/v2\/posts\/2246","targetHints":{"allow":["GET"]}}],"collection":[{"href":"https:\/\/www.nautilusdragados.com\/fr\/wp-json\/wp\/v2\/posts"}],"about":[{"href":"https:\/\/www.nautilusdragados.com\/fr\/wp-json\/wp\/v2\/types\/post"}],"author":[{"embeddable":true,"href":"https:\/\/www.nautilusdragados.com\/fr\/wp-json\/wp\/v2\/users\/1"}],"replies":[{"embeddable":true,"href":"https:\/\/www.nautilusdragados.com\/fr\/wp-json\/wp\/v2\/comments?post=2246"}],"version-history":[{"count":5,"href":"https:\/\/www.nautilusdragados.com\/fr\/wp-json\/wp\/v2\/posts\/2246\/revisions"}],"predecessor-version":[{"id":2251,"href":"https:\/\/www.nautilusdragados.com\/fr\/wp-json\/wp\/v2\/posts\/2246\/revisions\/2251"}],"wp:featuredmedia":[{"embeddable":true,"href":"https:\/\/www.nautilusdragados.com\/fr\/wp-json\/wp\/v2\/media\/2212"}],"wp:attachment":[{"href":"https:\/\/www.nautilusdragados.com\/fr\/wp-json\/wp\/v2\/media?parent=2246"}],"wp:term":[{"taxonomy":"category","embeddable":true,"href":"https:\/\/www.nautilusdragados.com\/fr\/wp-json\/wp\/v2\/categories?post=2246"},{"taxonomy":"post_tag","embeddable":true,"href":"https:\/\/www.nautilusdragados.com\/fr\/wp-json\/wp\/v2\/tags?post=2246"}],"curies":[{"name":"wp","href":"https:\/\/api.w.org\/{rel}","templated":true}]}}