{"id":2487,"date":"2025-08-13T09:47:09","date_gmt":"2025-08-13T09:47:09","guid":{"rendered":"https:\/\/www.nautilusdragados.com\/renforcer-la-collaboration-et-le-developpement-dans-le-port-de-malaga\/"},"modified":"2025-08-13T09:53:47","modified_gmt":"2025-08-13T09:53:47","slug":"renforcer-la-collaboration-et-le-developpement-dans-le-port-de-malaga","status":"publish","type":"post","link":"https:\/\/www.nautilusdragados.com\/fr\/renforcer-la-collaboration-et-le-developpement-dans-le-port-de-malaga\/","title":{"rendered":"Renforcer la collaboration et le d\u00e9veloppement dans le port de Malaga"},"content":{"rendered":"<p>[et_pb_section fb_built=\u00a0\u00bb1&Prime; _builder_version=\u00a0\u00bb4.27.4&Prime; _module_preset=\u00a0\u00bbdefault\u00a0\u00bb global_colors_info=\u00a0\u00bb{}\u00a0\u00bb theme_builder_area=\u00a0\u00bbpost_content\u00a0\u00bb][et_pb_row _builder_version=\u00a0\u00bb4.27.4&Prime; _module_preset=\u00a0\u00bbdefault\u00a0\u00bb global_colors_info=\u00a0\u00bb{}\u00a0\u00bb theme_builder_area=\u00a0\u00bbpost_content\u00a0\u00bb][et_pb_column type=\u00a0\u00bb4_4&Prime; _builder_version=\u00a0\u00bb4.27.4&Prime; _module_preset=\u00a0\u00bbdefault\u00a0\u00bb global_colors_info=\u00a0\u00bb{}\u00a0\u00bb theme_builder_area=\u00a0\u00bbpost_content\u00a0\u00bb][et_pb_text _builder_version=\u00a0\u00bb4.27.4&Prime; _module_preset=\u00a0\u00bbdefault\u00a0\u00bb link_font=\u00a0\u00bb|&#8211;et_global_body_font_weight|||on||||\u00a0\u00bb hover_enabled=\u00a0\u00bb0&Prime; global_colors_info=\u00a0\u00bb{}\u00a0\u00bb theme_builder_area=\u00a0\u00bbpost_content\u00a0\u00bb sticky_enabled=\u00a0\u00bb0&Prime;]<\/p>\n<p data-start=\"241\" data-end=\"456\">Aujourd&rsquo;hui, nous avons tenu une r\u00e9union productive dans les installations de notre op\u00e9rateur logistique, <strong data-start=\"335\" data-end=\"348\">Surlogist<\/strong>, avec <strong data-start=\"358\" data-end=\"383\">M. Alejandro Mart\u00ednez<\/strong>, directeur des ventes internationales de l&rsquo;autorit\u00e9 portuaire de Malaga.<\/p>\n<p data-start=\"458\" data-end=\"708\">Cette r\u00e9union a \u00e9t\u00e9 une excellente occasion de partager des id\u00e9es, d\u2019analyser de nouveaux projets et d\u2019explorer des pistes de collaboration qui permettront \u00e0 <strong data-start=\"602\" data-end=\"623\">Nautilus Dragados<\/strong> de continuer \u00e0 cro\u00eetre et \u00e0 am\u00e9liorer nos services dans les secteurs portuaire et maritime.<\/p>\n<p data-start=\"710\" data-end=\"953\">La proximit\u00e9 et la coop\u00e9ration avec l\u2019Autorit\u00e9 Portuaire de Malaga sont essentielles pour promouvoir des initiatives qui optimisent la logistique, favorisent le commerce maritime et renforcent notre engagement envers des solutions durables et de haute qualit\u00e9.<\/p>\n<p data-start=\"955\" data-end=\"1190\">Chez <strong data-start=\"958\" data-end=\"979\">Nautilus Dragados<\/strong>, nous continuons \u00e0 travailler avec d\u00e9termination pour offrir \u00e0 nos clients un service efficace, innovant et respectueux de l&rsquo;environnement, en renfor\u00e7ant notre pr\u00e9sence dans les ports de toute l&rsquo;Espagne et au-del\u00e0.<\/p>\n<p>[\/et_pb_text][\/et_pb_column][\/et_pb_row][\/et_pb_section]<\/p>\n","protected":false},"excerpt":{"rendered":"<p>Aujourd&rsquo;hui, nous avons tenu une r\u00e9union productive dans les installations de notre op\u00e9rateur logistique, Surlogist, avec M. Alejandro Mart\u00ednez, directeur des ventes internationales de l&rsquo;autorit\u00e9 portuaire de Malaga. Cette r\u00e9union a \u00e9t\u00e9 une excellente occasion de partager des id\u00e9es, d\u2019analyser de nouveaux projets et d\u2019explorer des pistes de collaboration qui permettront \u00e0 Nautilus Dragados de continuer \u00e0 cro\u00eetre et \u00e0 am\u00e9liorer nos services dans les secteurs portuaire et maritime. La proximit\u00e9 et la coop\u00e9ration avec l\u2019Autorit\u00e9 Portuaire de Malaga sont essentielles pour promouvoir des initiatives qui optimisent la logistique, favorisent le commerce maritime et renforcent notre engagement envers des solutions durables et de haute qualit\u00e9. Chez Nautilus Dragados, nous continuons \u00e0 travailler avec d\u00e9termination pour offrir \u00e0 nos clients un service efficace, innovant et respectueux de l&rsquo;environnement, en renfor\u00e7ant notre pr\u00e9sence dans les ports de toute l&rsquo;Espagne et au-del\u00e0.<\/p>\n","protected":false},"author":1,"featured_media":2477,"comment_status":"closed","ping_status":"closed","sticky":false,"template":"","format":"standard","meta":{"_et_pb_use_builder":"on","_et_pb_old_content":"","_et_gb_content_width":"","footnotes":""},"categories":[12],"tags":[],"class_list":["post-2487","post","type-post","status-publish","format-standard","has-post-thumbnail","hentry","category-non-classifiee"],"yoast_head":"<!-- This site is optimized with the Yoast SEO plugin v27.5 - https:\/\/yoast.com\/product\/yoast-seo-wordpress\/ -->\n<title>Renforcer la collaboration et le d\u00e9veloppement dans le port de Malaga - Nautilus Dragados<\/title>\n<meta name=\"robots\" content=\"index, follow, max-snippet:-1, max-image-preview:large, max-video-preview:-1\" \/>\n<link rel=\"canonical\" href=\"https:\/\/www.nautilusdragados.com\/fr\/renforcer-la-collaboration-et-le-developpement-dans-le-port-de-malaga\/\" \/>\n<meta property=\"og:locale\" content=\"fr_FR\" \/>\n<meta property=\"og:type\" content=\"article\" \/>\n<meta property=\"og:title\" content=\"Renforcer la collaboration et le d\u00e9veloppement dans le port de Malaga - Nautilus Dragados\" \/>\n<meta property=\"og:description\" content=\"Aujourd&#039;hui, nous avons tenu une r\u00e9union productive dans les installations de notre op\u00e9rateur logistique, Surlogist, avec M. Alejandro Mart\u00ednez, directeur des ventes internationales de l&#039;autorit\u00e9 portuaire de Malaga. Cette r\u00e9union a \u00e9t\u00e9 une excellente occasion de partager des id\u00e9es, d\u2019analyser de nouveaux projets et d\u2019explorer des pistes de collaboration qui permettront \u00e0 Nautilus Dragados de continuer \u00e0 cro\u00eetre et \u00e0 am\u00e9liorer nos services dans les secteurs portuaire et maritime. La proximit\u00e9 et la coop\u00e9ration avec l\u2019Autorit\u00e9 Portuaire de Malaga sont essentielles pour promouvoir des initiatives qui optimisent la logistique, favorisent le commerce maritime et renforcent notre engagement envers des solutions durables et de haute qualit\u00e9. Chez Nautilus Dragados, nous continuons \u00e0 travailler avec d\u00e9termination pour offrir \u00e0 nos clients un service efficace, innovant et respectueux de l&#039;environnement, en renfor\u00e7ant notre pr\u00e9sence dans les ports de toute l&#039;Espagne et au-del\u00e0.\" \/>\n<meta property=\"og:url\" content=\"https:\/\/www.nautilusdragados.com\/fr\/renforcer-la-collaboration-et-le-developpement-dans-le-port-de-malaga\/\" \/>\n<meta property=\"og:site_name\" content=\"Nautilus Dragados\" \/>\n<meta property=\"article:published_time\" content=\"2025-08-13T09:47:09+00:00\" \/>\n<meta property=\"article:modified_time\" content=\"2025-08-13T09:53:47+00:00\" \/>\n<meta property=\"og:image\" content=\"https:\/\/www.nautilusdragados.com\/wp-content\/uploads\/2025\/08\/director-comercial-puerto-surlogist.jpg\" \/>\n\t<meta property=\"og:image:width\" content=\"1200\" \/>\n\t<meta property=\"og:image:height\" content=\"800\" \/>\n\t<meta property=\"og:image:type\" content=\"image\/jpeg\" \/>\n<meta name=\"author\" content=\"admin\" \/>\n<meta name=\"twitter:card\" content=\"summary_large_image\" \/>\n<meta name=\"twitter:label1\" content=\"\u00c9crit par\" \/>\n\t<meta name=\"twitter:data1\" content=\"admin\" \/>\n\t<meta name=\"twitter:label2\" content=\"Dur\u00e9e de lecture estim\u00e9e\" \/>\n\t<meta name=\"twitter:data2\" content=\"1 minute\" \/>\n<script type=\"application\/ld+json\" class=\"yoast-schema-graph\">{\"@context\":\"https:\\\/\\\/schema.org\",\"@graph\":[{\"@type\":\"Article\",\"@id\":\"https:\\\/\\\/www.nautilusdragados.com\\\/fr\\\/renforcer-la-collaboration-et-le-developpement-dans-le-port-de-malaga\\\/#article\",\"isPartOf\":{\"@id\":\"https:\\\/\\\/www.nautilusdragados.com\\\/fr\\\/renforcer-la-collaboration-et-le-developpement-dans-le-port-de-malaga\\\/\"},\"author\":{\"name\":\"admin\",\"@id\":\"https:\\\/\\\/www.nautilusdragados.com\\\/fr\\\/#\\\/schema\\\/person\\\/a7320e568496fcef6ae2fbdd392893fb\"},\"headline\":\"Renforcer la collaboration et le d\u00e9veloppement dans le port de Malaga\",\"datePublished\":\"2025-08-13T09:47:09+00:00\",\"dateModified\":\"2025-08-13T09:53:47+00:00\",\"mainEntityOfPage\":{\"@id\":\"https:\\\/\\\/www.nautilusdragados.com\\\/fr\\\/renforcer-la-collaboration-et-le-developpement-dans-le-port-de-malaga\\\/\"},\"wordCount\":255,\"publisher\":{\"@id\":\"https:\\\/\\\/www.nautilusdragados.com\\\/fr\\\/#organization\"},\"image\":{\"@id\":\"https:\\\/\\\/www.nautilusdragados.com\\\/fr\\\/renforcer-la-collaboration-et-le-developpement-dans-le-port-de-malaga\\\/#primaryimage\"},\"thumbnailUrl\":\"https:\\\/\\\/www.nautilusdragados.com\\\/wp-content\\\/uploads\\\/2025\\\/08\\\/director-comercial-puerto-surlogist.jpg\",\"articleSection\":[\"Non classifi\u00e9(e)\"],\"inLanguage\":\"fr-FR\"},{\"@type\":\"WebPage\",\"@id\":\"https:\\\/\\\/www.nautilusdragados.com\\\/fr\\\/renforcer-la-collaboration-et-le-developpement-dans-le-port-de-malaga\\\/\",\"url\":\"https:\\\/\\\/www.nautilusdragados.com\\\/fr\\\/renforcer-la-collaboration-et-le-developpement-dans-le-port-de-malaga\\\/\",\"name\":\"Renforcer la collaboration et le d\u00e9veloppement dans le port de Malaga - Nautilus Dragados\",\"isPartOf\":{\"@id\":\"https:\\\/\\\/www.nautilusdragados.com\\\/fr\\\/#website\"},\"primaryImageOfPage\":{\"@id\":\"https:\\\/\\\/www.nautilusdragados.com\\\/fr\\\/renforcer-la-collaboration-et-le-developpement-dans-le-port-de-malaga\\\/#primaryimage\"},\"image\":{\"@id\":\"https:\\\/\\\/www.nautilusdragados.com\\\/fr\\\/renforcer-la-collaboration-et-le-developpement-dans-le-port-de-malaga\\\/#primaryimage\"},\"thumbnailUrl\":\"https:\\\/\\\/www.nautilusdragados.com\\\/wp-content\\\/uploads\\\/2025\\\/08\\\/director-comercial-puerto-surlogist.jpg\",\"datePublished\":\"2025-08-13T09:47:09+00:00\",\"dateModified\":\"2025-08-13T09:53:47+00:00\",\"breadcrumb\":{\"@id\":\"https:\\\/\\\/www.nautilusdragados.com\\\/fr\\\/renforcer-la-collaboration-et-le-developpement-dans-le-port-de-malaga\\\/#breadcrumb\"},\"inLanguage\":\"fr-FR\",\"potentialAction\":[{\"@type\":\"ReadAction\",\"target\":[\"https:\\\/\\\/www.nautilusdragados.com\\\/fr\\\/renforcer-la-collaboration-et-le-developpement-dans-le-port-de-malaga\\\/\"]}]},{\"@type\":\"ImageObject\",\"inLanguage\":\"fr-FR\",\"@id\":\"https:\\\/\\\/www.nautilusdragados.com\\\/fr\\\/renforcer-la-collaboration-et-le-developpement-dans-le-port-de-malaga\\\/#primaryimage\",\"url\":\"https:\\\/\\\/www.nautilusdragados.com\\\/wp-content\\\/uploads\\\/2025\\\/08\\\/director-comercial-puerto-surlogist.jpg\",\"contentUrl\":\"https:\\\/\\\/www.nautilusdragados.com\\\/wp-content\\\/uploads\\\/2025\\\/08\\\/director-comercial-puerto-surlogist.jpg\",\"width\":1200,\"height\":800,\"caption\":\"Nuestro director junto a\"},{\"@type\":\"BreadcrumbList\",\"@id\":\"https:\\\/\\\/www.nautilusdragados.com\\\/fr\\\/renforcer-la-collaboration-et-le-developpement-dans-le-port-de-malaga\\\/#breadcrumb\",\"itemListElement\":[{\"@type\":\"ListItem\",\"position\":1,\"name\":\"Portada\",\"item\":\"https:\\\/\\\/www.nautilusdragados.com\\\/fr\\\/\"},{\"@type\":\"ListItem\",\"position\":2,\"name\":\"Renforcer la collaboration et le d\u00e9veloppement dans le port de Malaga\"}]},{\"@type\":\"WebSite\",\"@id\":\"https:\\\/\\\/www.nautilusdragados.com\\\/fr\\\/#website\",\"url\":\"https:\\\/\\\/www.nautilusdragados.com\\\/fr\\\/\",\"name\":\"Dragados Nautilus\",\"description\":\"Retos medioambientales marinos\",\"publisher\":{\"@id\":\"https:\\\/\\\/www.nautilusdragados.com\\\/fr\\\/#organization\"},\"potentialAction\":[{\"@type\":\"SearchAction\",\"target\":{\"@type\":\"EntryPoint\",\"urlTemplate\":\"https:\\\/\\\/www.nautilusdragados.com\\\/fr\\\/?s={search_term_string}\"},\"query-input\":{\"@type\":\"PropertyValueSpecification\",\"valueRequired\":true,\"valueName\":\"search_term_string\"}}],\"inLanguage\":\"fr-FR\"},{\"@type\":\"Organization\",\"@id\":\"https:\\\/\\\/www.nautilusdragados.com\\\/fr\\\/#organization\",\"name\":\"Dragados Nautilus\",\"url\":\"https:\\\/\\\/www.nautilusdragados.com\\\/fr\\\/\",\"logo\":{\"@type\":\"ImageObject\",\"inLanguage\":\"fr-FR\",\"@id\":\"https:\\\/\\\/www.nautilusdragados.com\\\/fr\\\/#\\\/schema\\\/logo\\\/image\\\/\",\"url\":\"https:\\\/\\\/www.nautilusdragados.com\\\/wp-content\\\/uploads\\\/2024\\\/09\\\/logo-nautilus.png\",\"contentUrl\":\"https:\\\/\\\/www.nautilusdragados.com\\\/wp-content\\\/uploads\\\/2024\\\/09\\\/logo-nautilus.png\",\"width\":482,\"height\":115,\"caption\":\"Dragados Nautilus\"},\"image\":{\"@id\":\"https:\\\/\\\/www.nautilusdragados.com\\\/fr\\\/#\\\/schema\\\/logo\\\/image\\\/\"}},{\"@type\":\"Person\",\"@id\":\"https:\\\/\\\/www.nautilusdragados.com\\\/fr\\\/#\\\/schema\\\/person\\\/a7320e568496fcef6ae2fbdd392893fb\",\"name\":\"admin\",\"image\":{\"@type\":\"ImageObject\",\"inLanguage\":\"fr-FR\",\"@id\":\"https:\\\/\\\/secure.gravatar.com\\\/avatar\\\/8d6dcab9ee12841d4b3c71b7639455bb04683d31fd41ad66ec3164209d3e2a0b?s=96&d=mm&r=g\",\"url\":\"https:\\\/\\\/secure.gravatar.com\\\/avatar\\\/8d6dcab9ee12841d4b3c71b7639455bb04683d31fd41ad66ec3164209d3e2a0b?s=96&d=mm&r=g\",\"contentUrl\":\"https:\\\/\\\/secure.gravatar.com\\\/avatar\\\/8d6dcab9ee12841d4b3c71b7639455bb04683d31fd41ad66ec3164209d3e2a0b?s=96&d=mm&r=g\",\"caption\":\"admin\"},\"sameAs\":[\"https:\\\/\\\/www.nautilusdragados.com\"],\"url\":\"https:\\\/\\\/www.nautilusdragados.com\\\/fr\\\/author\\\/admin\\\/\"}]}<\/script>\n<!-- \/ Yoast SEO plugin. -->","yoast_head_json":{"title":"Renforcer la collaboration et le d\u00e9veloppement dans le port de Malaga - Nautilus Dragados","robots":{"index":"index","follow":"follow","max-snippet":"max-snippet:-1","max-image-preview":"max-image-preview:large","max-video-preview":"max-video-preview:-1"},"canonical":"https:\/\/www.nautilusdragados.com\/fr\/renforcer-la-collaboration-et-le-developpement-dans-le-port-de-malaga\/","og_locale":"fr_FR","og_type":"article","og_title":"Renforcer la collaboration et le d\u00e9veloppement dans le port de Malaga - Nautilus Dragados","og_description":"Aujourd'hui, nous avons tenu une r\u00e9union productive dans les installations de notre op\u00e9rateur logistique, Surlogist, avec M. Alejandro Mart\u00ednez, directeur des ventes internationales de l'autorit\u00e9 portuaire de Malaga. Cette r\u00e9union a \u00e9t\u00e9 une excellente occasion de partager des id\u00e9es, d\u2019analyser de nouveaux projets et d\u2019explorer des pistes de collaboration qui permettront \u00e0 Nautilus Dragados de continuer \u00e0 cro\u00eetre et \u00e0 am\u00e9liorer nos services dans les secteurs portuaire et maritime. La proximit\u00e9 et la coop\u00e9ration avec l\u2019Autorit\u00e9 Portuaire de Malaga sont essentielles pour promouvoir des initiatives qui optimisent la logistique, favorisent le commerce maritime et renforcent notre engagement envers des solutions durables et de haute qualit\u00e9. Chez Nautilus Dragados, nous continuons \u00e0 travailler avec d\u00e9termination pour offrir \u00e0 nos clients un service efficace, innovant et respectueux de l'environnement, en renfor\u00e7ant notre pr\u00e9sence dans les ports de toute l'Espagne et au-del\u00e0.","og_url":"https:\/\/www.nautilusdragados.com\/fr\/renforcer-la-collaboration-et-le-developpement-dans-le-port-de-malaga\/","og_site_name":"Nautilus Dragados","article_published_time":"2025-08-13T09:47:09+00:00","article_modified_time":"2025-08-13T09:53:47+00:00","og_image":[{"width":1200,"height":800,"url":"https:\/\/www.nautilusdragados.com\/wp-content\/uploads\/2025\/08\/director-comercial-puerto-surlogist.jpg","type":"image\/jpeg"}],"author":"admin","twitter_card":"summary_large_image","twitter_misc":{"\u00c9crit par":"admin","Dur\u00e9e de lecture estim\u00e9e":"1 minute"},"schema":{"@context":"https:\/\/schema.org","@graph":[{"@type":"Article","@id":"https:\/\/www.nautilusdragados.com\/fr\/renforcer-la-collaboration-et-le-developpement-dans-le-port-de-malaga\/#article","isPartOf":{"@id":"https:\/\/www.nautilusdragados.com\/fr\/renforcer-la-collaboration-et-le-developpement-dans-le-port-de-malaga\/"},"author":{"name":"admin","@id":"https:\/\/www.nautilusdragados.com\/fr\/#\/schema\/person\/a7320e568496fcef6ae2fbdd392893fb"},"headline":"Renforcer la collaboration et le d\u00e9veloppement dans le port de Malaga","datePublished":"2025-08-13T09:47:09+00:00","dateModified":"2025-08-13T09:53:47+00:00","mainEntityOfPage":{"@id":"https:\/\/www.nautilusdragados.com\/fr\/renforcer-la-collaboration-et-le-developpement-dans-le-port-de-malaga\/"},"wordCount":255,"publisher":{"@id":"https:\/\/www.nautilusdragados.com\/fr\/#organization"},"image":{"@id":"https:\/\/www.nautilusdragados.com\/fr\/renforcer-la-collaboration-et-le-developpement-dans-le-port-de-malaga\/#primaryimage"},"thumbnailUrl":"https:\/\/www.nautilusdragados.com\/wp-content\/uploads\/2025\/08\/director-comercial-puerto-surlogist.jpg","articleSection":["Non classifi\u00e9(e)"],"inLanguage":"fr-FR"},{"@type":"WebPage","@id":"https:\/\/www.nautilusdragados.com\/fr\/renforcer-la-collaboration-et-le-developpement-dans-le-port-de-malaga\/","url":"https:\/\/www.nautilusdragados.com\/fr\/renforcer-la-collaboration-et-le-developpement-dans-le-port-de-malaga\/","name":"Renforcer la collaboration et le d\u00e9veloppement dans le port de Malaga - Nautilus Dragados","isPartOf":{"@id":"https:\/\/www.nautilusdragados.com\/fr\/#website"},"primaryImageOfPage":{"@id":"https:\/\/www.nautilusdragados.com\/fr\/renforcer-la-collaboration-et-le-developpement-dans-le-port-de-malaga\/#primaryimage"},"image":{"@id":"https:\/\/www.nautilusdragados.com\/fr\/renforcer-la-collaboration-et-le-developpement-dans-le-port-de-malaga\/#primaryimage"},"thumbnailUrl":"https:\/\/www.nautilusdragados.com\/wp-content\/uploads\/2025\/08\/director-comercial-puerto-surlogist.jpg","datePublished":"2025-08-13T09:47:09+00:00","dateModified":"2025-08-13T09:53:47+00:00","breadcrumb":{"@id":"https:\/\/www.nautilusdragados.com\/fr\/renforcer-la-collaboration-et-le-developpement-dans-le-port-de-malaga\/#breadcrumb"},"inLanguage":"fr-FR","potentialAction":[{"@type":"ReadAction","target":["https:\/\/www.nautilusdragados.com\/fr\/renforcer-la-collaboration-et-le-developpement-dans-le-port-de-malaga\/"]}]},{"@type":"ImageObject","inLanguage":"fr-FR","@id":"https:\/\/www.nautilusdragados.com\/fr\/renforcer-la-collaboration-et-le-developpement-dans-le-port-de-malaga\/#primaryimage","url":"https:\/\/www.nautilusdragados.com\/wp-content\/uploads\/2025\/08\/director-comercial-puerto-surlogist.jpg","contentUrl":"https:\/\/www.nautilusdragados.com\/wp-content\/uploads\/2025\/08\/director-comercial-puerto-surlogist.jpg","width":1200,"height":800,"caption":"Nuestro director junto a"},{"@type":"BreadcrumbList","@id":"https:\/\/www.nautilusdragados.com\/fr\/renforcer-la-collaboration-et-le-developpement-dans-le-port-de-malaga\/#breadcrumb","itemListElement":[{"@type":"ListItem","position":1,"name":"Portada","item":"https:\/\/www.nautilusdragados.com\/fr\/"},{"@type":"ListItem","position":2,"name":"Renforcer la collaboration et le d\u00e9veloppement dans le port de Malaga"}]},{"@type":"WebSite","@id":"https:\/\/www.nautilusdragados.com\/fr\/#website","url":"https:\/\/www.nautilusdragados.com\/fr\/","name":"Dragados Nautilus","description":"Retos medioambientales marinos","publisher":{"@id":"https:\/\/www.nautilusdragados.com\/fr\/#organization"},"potentialAction":[{"@type":"SearchAction","target":{"@type":"EntryPoint","urlTemplate":"https:\/\/www.nautilusdragados.com\/fr\/?s={search_term_string}"},"query-input":{"@type":"PropertyValueSpecification","valueRequired":true,"valueName":"search_term_string"}}],"inLanguage":"fr-FR"},{"@type":"Organization","@id":"https:\/\/www.nautilusdragados.com\/fr\/#organization","name":"Dragados Nautilus","url":"https:\/\/www.nautilusdragados.com\/fr\/","logo":{"@type":"ImageObject","inLanguage":"fr-FR","@id":"https:\/\/www.nautilusdragados.com\/fr\/#\/schema\/logo\/image\/","url":"https:\/\/www.nautilusdragados.com\/wp-content\/uploads\/2024\/09\/logo-nautilus.png","contentUrl":"https:\/\/www.nautilusdragados.com\/wp-content\/uploads\/2024\/09\/logo-nautilus.png","width":482,"height":115,"caption":"Dragados Nautilus"},"image":{"@id":"https:\/\/www.nautilusdragados.com\/fr\/#\/schema\/logo\/image\/"}},{"@type":"Person","@id":"https:\/\/www.nautilusdragados.com\/fr\/#\/schema\/person\/a7320e568496fcef6ae2fbdd392893fb","name":"admin","image":{"@type":"ImageObject","inLanguage":"fr-FR","@id":"https:\/\/secure.gravatar.com\/avatar\/8d6dcab9ee12841d4b3c71b7639455bb04683d31fd41ad66ec3164209d3e2a0b?s=96&d=mm&r=g","url":"https:\/\/secure.gravatar.com\/avatar\/8d6dcab9ee12841d4b3c71b7639455bb04683d31fd41ad66ec3164209d3e2a0b?s=96&d=mm&r=g","contentUrl":"https:\/\/secure.gravatar.com\/avatar\/8d6dcab9ee12841d4b3c71b7639455bb04683d31fd41ad66ec3164209d3e2a0b?s=96&d=mm&r=g","caption":"admin"},"sameAs":["https:\/\/www.nautilusdragados.com"],"url":"https:\/\/www.nautilusdragados.com\/fr\/author\/admin\/"}]}},"_links":{"self":[{"href":"https:\/\/www.nautilusdragados.com\/fr\/wp-json\/wp\/v2\/posts\/2487","targetHints":{"allow":["GET"]}}],"collection":[{"href":"https:\/\/www.nautilusdragados.com\/fr\/wp-json\/wp\/v2\/posts"}],"about":[{"href":"https:\/\/www.nautilusdragados.com\/fr\/wp-json\/wp\/v2\/types\/post"}],"author":[{"embeddable":true,"href":"https:\/\/www.nautilusdragados.com\/fr\/wp-json\/wp\/v2\/users\/1"}],"replies":[{"embeddable":true,"href":"https:\/\/www.nautilusdragados.com\/fr\/wp-json\/wp\/v2\/comments?post=2487"}],"version-history":[{"count":2,"href":"https:\/\/www.nautilusdragados.com\/fr\/wp-json\/wp\/v2\/posts\/2487\/revisions"}],"predecessor-version":[{"id":2489,"href":"https:\/\/www.nautilusdragados.com\/fr\/wp-json\/wp\/v2\/posts\/2487\/revisions\/2489"}],"wp:featuredmedia":[{"embeddable":true,"href":"https:\/\/www.nautilusdragados.com\/fr\/wp-json\/wp\/v2\/media\/2477"}],"wp:attachment":[{"href":"https:\/\/www.nautilusdragados.com\/fr\/wp-json\/wp\/v2\/media?parent=2487"}],"wp:term":[{"taxonomy":"category","embeddable":true,"href":"https:\/\/www.nautilusdragados.com\/fr\/wp-json\/wp\/v2\/categories?post=2487"},{"taxonomy":"post_tag","embeddable":true,"href":"https:\/\/www.nautilusdragados.com\/fr\/wp-json\/wp\/v2\/tags?post=2487"}],"curies":[{"name":"wp","href":"https:\/\/api.w.org\/{rel}","templated":true}]}}