{"id":2671,"date":"2025-11-26T09:58:28","date_gmt":"2025-11-26T09:58:28","guid":{"rendered":"https:\/\/www.nautilusdragados.com\/reunion-de-planification-dans-les-installations-de-noatu-maritime-dans-le-port-de-malaga\/"},"modified":"2025-11-26T10:03:11","modified_gmt":"2025-11-26T10:03:11","slug":"reunion-de-planification-dans-les-installations-de-noatu-maritime-dans-le-port-de-malaga","status":"publish","type":"post","link":"https:\/\/www.nautilusdragados.com\/fr\/reunion-de-planification-dans-les-installations-de-noatu-maritime-dans-le-port-de-malaga\/","title":{"rendered":"R\u00e9union de planification dans les installations de NOATU MARITIME, dans le port de Malaga"},"content":{"rendered":"<p>[et_pb_section fb_built=\u00a0\u00bb1&Prime; theme_builder_area=\u00a0\u00bbpost_content\u00a0\u00bb _builder_version=\u00a0\u00bb4.27.4&Prime; _module_preset=\u00a0\u00bbdefault\u00a0\u00bb][et_pb_row _builder_version=\u00a0\u00bb4.27.4&Prime; _module_preset=\u00a0\u00bbdefault\u00a0\u00bb theme_builder_area=\u00a0\u00bbpost_content\u00a0\u00bb][et_pb_column _builder_version=\u00a0\u00bb4.27.4&Prime; _module_preset=\u00a0\u00bbdefault\u00a0\u00bb type=\u00a0\u00bb4_4&Prime; theme_builder_area=\u00a0\u00bbpost_content\u00a0\u00bb][et_pb_text _builder_version=\u00a0\u00bb4.27.4&Prime; _module_preset=\u00a0\u00bbdefault\u00a0\u00bb theme_builder_area=\u00a0\u00bbpost_content\u00a0\u00bb hover_enabled=\u00a0\u00bb0&Prime; sticky_enabled=\u00a0\u00bb0&Prime;]<\/p>\n<p>Chez Nautilus Dragados, nous continuons de cr\u00e9er de la valeur aux c\u00f4t\u00e9s de professionnels de haut niveau, en nous entourant toujours des meilleurs. Merci \u00e0 NOATUM M\u00e1laga pour son excellente collaboration, que nous renfor\u00e7ons jour apr\u00e8s jour. <\/p>\n<p>[\/et_pb_text][\/et_pb_column][\/et_pb_row][et_pb_row _builder_version=\u00a0\u00bb4.27.4&Prime; _module_preset=\u00a0\u00bbdefault\u00a0\u00bb theme_builder_area=\u00a0\u00bbpost_content\u00a0\u00bb][et_pb_column _builder_version=\u00a0\u00bb4.27.4&Prime; _module_preset=\u00a0\u00bbdefault\u00a0\u00bb type=\u00a0\u00bb4_4&Prime; theme_builder_area=\u00a0\u00bbpost_content\u00a0\u00bb][et_pb_image src=\u00a0\u00bbhttps:\/\/www.nautilusdragados.com\/wp-content\/uploads\/2025\/11\/reunion-puerto2.jpg\u00a0\u00bb _builder_version=\u00a0\u00bb4.27.4&Prime; _module_preset=\u00a0\u00bbdefault\u00a0\u00bb theme_builder_area=\u00a0\u00bbpost_content\u00a0\u00bb alt=\u00a0\u00bbR\u00e9union avec Noatum au port de Malaga\u00a0\u00bb title_text=\u00a0\u00bbRendez-vous au port de Malaga\u00a0\u00bb hover_enabled=\u00a0\u00bb0&Prime; sticky_enabled=\u00a0\u00bb0&Prime;][\/et_pb_image][\/et_pb_column][\/et_pb_row][\/et_pb_section]<\/p>\n","protected":false},"excerpt":{"rendered":"<p>Chez Nautilus Dragados, nous continuons de cr\u00e9er de la valeur aux c\u00f4t\u00e9s de professionnels de haut niveau, en nous entourant toujours des meilleurs. Merci \u00e0 NOATUM M\u00e1laga pour son excellente collaboration, que nous renfor\u00e7ons jour apr\u00e8s jour.<\/p>\n","protected":false},"author":1,"featured_media":2661,"comment_status":"closed","ping_status":"closed","sticky":false,"template":"","format":"standard","meta":{"_et_pb_use_builder":"on","_et_pb_old_content":"","_et_gb_content_width":"","footnotes":""},"categories":[12],"tags":[],"class_list":["post-2671","post","type-post","status-publish","format-standard","has-post-thumbnail","hentry","category-non-classifiee"],"yoast_head":"<!-- This site is optimized with the Yoast SEO plugin v27.5 - https:\/\/yoast.com\/product\/yoast-seo-wordpress\/ -->\n<title>R\u00e9union de planification dans les installations de NOATU MARITIME, dans le port de Malaga - Nautilus Dragados<\/title>\n<meta name=\"robots\" content=\"index, follow, max-snippet:-1, max-image-preview:large, max-video-preview:-1\" \/>\n<link rel=\"canonical\" href=\"https:\/\/www.nautilusdragados.com\/fr\/reunion-de-planification-dans-les-installations-de-noatu-maritime-dans-le-port-de-malaga\/\" \/>\n<meta property=\"og:locale\" content=\"fr_FR\" \/>\n<meta property=\"og:type\" content=\"article\" \/>\n<meta property=\"og:title\" content=\"R\u00e9union de planification dans les installations de NOATU MARITIME, dans le port de Malaga - Nautilus Dragados\" \/>\n<meta property=\"og:description\" content=\"Chez Nautilus Dragados, nous continuons de cr\u00e9er de la valeur aux c\u00f4t\u00e9s de professionnels de haut niveau, en nous entourant toujours des meilleurs. Merci \u00e0 NOATUM M\u00e1laga pour son excellente collaboration, que nous renfor\u00e7ons jour apr\u00e8s jour.\" \/>\n<meta property=\"og:url\" content=\"https:\/\/www.nautilusdragados.com\/fr\/reunion-de-planification-dans-les-installations-de-noatu-maritime-dans-le-port-de-malaga\/\" \/>\n<meta property=\"og:site_name\" content=\"Nautilus Dragados\" \/>\n<meta property=\"article:published_time\" content=\"2025-11-26T09:58:28+00:00\" \/>\n<meta property=\"article:modified_time\" content=\"2025-11-26T10:03:11+00:00\" \/>\n<meta property=\"og:image\" content=\"https:\/\/www.nautilusdragados.com\/wp-content\/uploads\/2025\/11\/reunion-puerto.jpg\" \/>\n\t<meta property=\"og:image:width\" content=\"1200\" \/>\n\t<meta property=\"og:image:height\" content=\"800\" \/>\n\t<meta property=\"og:image:type\" content=\"image\/jpeg\" \/>\n<meta name=\"author\" content=\"admin\" \/>\n<meta name=\"twitter:card\" content=\"summary_large_image\" \/>\n<meta name=\"twitter:label1\" content=\"\u00c9crit par\" \/>\n\t<meta name=\"twitter:data1\" content=\"admin\" \/>\n\t<meta name=\"twitter:label2\" content=\"Dur\u00e9e de lecture estim\u00e9e\" \/>\n\t<meta name=\"twitter:data2\" content=\"1 minute\" \/>\n<script type=\"application\/ld+json\" class=\"yoast-schema-graph\">{\"@context\":\"https:\\\/\\\/schema.org\",\"@graph\":[{\"@type\":\"Article\",\"@id\":\"https:\\\/\\\/www.nautilusdragados.com\\\/fr\\\/reunion-de-planification-dans-les-installations-de-noatu-maritime-dans-le-port-de-malaga\\\/#article\",\"isPartOf\":{\"@id\":\"https:\\\/\\\/www.nautilusdragados.com\\\/fr\\\/reunion-de-planification-dans-les-installations-de-noatu-maritime-dans-le-port-de-malaga\\\/\"},\"author\":{\"name\":\"admin\",\"@id\":\"https:\\\/\\\/www.nautilusdragados.com\\\/fr\\\/#\\\/schema\\\/person\\\/a7320e568496fcef6ae2fbdd392893fb\"},\"headline\":\"R\u00e9union de planification dans les installations de NOATU MARITIME, dans le port de Malaga\",\"datePublished\":\"2025-11-26T09:58:28+00:00\",\"dateModified\":\"2025-11-26T10:03:11+00:00\",\"mainEntityOfPage\":{\"@id\":\"https:\\\/\\\/www.nautilusdragados.com\\\/fr\\\/reunion-de-planification-dans-les-installations-de-noatu-maritime-dans-le-port-de-malaga\\\/\"},\"wordCount\":206,\"publisher\":{\"@id\":\"https:\\\/\\\/www.nautilusdragados.com\\\/fr\\\/#organization\"},\"image\":{\"@id\":\"https:\\\/\\\/www.nautilusdragados.com\\\/fr\\\/reunion-de-planification-dans-les-installations-de-noatu-maritime-dans-le-port-de-malaga\\\/#primaryimage\"},\"thumbnailUrl\":\"https:\\\/\\\/www.nautilusdragados.com\\\/wp-content\\\/uploads\\\/2025\\\/11\\\/reunion-puerto.jpg\",\"articleSection\":[\"Non classifi\u00e9(e)\"],\"inLanguage\":\"fr-FR\"},{\"@type\":\"WebPage\",\"@id\":\"https:\\\/\\\/www.nautilusdragados.com\\\/fr\\\/reunion-de-planification-dans-les-installations-de-noatu-maritime-dans-le-port-de-malaga\\\/\",\"url\":\"https:\\\/\\\/www.nautilusdragados.com\\\/fr\\\/reunion-de-planification-dans-les-installations-de-noatu-maritime-dans-le-port-de-malaga\\\/\",\"name\":\"R\u00e9union de planification dans les installations de NOATU MARITIME, dans le port de Malaga - Nautilus Dragados\",\"isPartOf\":{\"@id\":\"https:\\\/\\\/www.nautilusdragados.com\\\/fr\\\/#website\"},\"primaryImageOfPage\":{\"@id\":\"https:\\\/\\\/www.nautilusdragados.com\\\/fr\\\/reunion-de-planification-dans-les-installations-de-noatu-maritime-dans-le-port-de-malaga\\\/#primaryimage\"},\"image\":{\"@id\":\"https:\\\/\\\/www.nautilusdragados.com\\\/fr\\\/reunion-de-planification-dans-les-installations-de-noatu-maritime-dans-le-port-de-malaga\\\/#primaryimage\"},\"thumbnailUrl\":\"https:\\\/\\\/www.nautilusdragados.com\\\/wp-content\\\/uploads\\\/2025\\\/11\\\/reunion-puerto.jpg\",\"datePublished\":\"2025-11-26T09:58:28+00:00\",\"dateModified\":\"2025-11-26T10:03:11+00:00\",\"breadcrumb\":{\"@id\":\"https:\\\/\\\/www.nautilusdragados.com\\\/fr\\\/reunion-de-planification-dans-les-installations-de-noatu-maritime-dans-le-port-de-malaga\\\/#breadcrumb\"},\"inLanguage\":\"fr-FR\",\"potentialAction\":[{\"@type\":\"ReadAction\",\"target\":[\"https:\\\/\\\/www.nautilusdragados.com\\\/fr\\\/reunion-de-planification-dans-les-installations-de-noatu-maritime-dans-le-port-de-malaga\\\/\"]}]},{\"@type\":\"ImageObject\",\"inLanguage\":\"fr-FR\",\"@id\":\"https:\\\/\\\/www.nautilusdragados.com\\\/fr\\\/reunion-de-planification-dans-les-installations-de-noatu-maritime-dans-le-port-de-malaga\\\/#primaryimage\",\"url\":\"https:\\\/\\\/www.nautilusdragados.com\\\/wp-content\\\/uploads\\\/2025\\\/11\\\/reunion-puerto.jpg\",\"contentUrl\":\"https:\\\/\\\/www.nautilusdragados.com\\\/wp-content\\\/uploads\\\/2025\\\/11\\\/reunion-puerto.jpg\",\"width\":1200,\"height\":800,\"caption\":\"RE\"},{\"@type\":\"BreadcrumbList\",\"@id\":\"https:\\\/\\\/www.nautilusdragados.com\\\/fr\\\/reunion-de-planification-dans-les-installations-de-noatu-maritime-dans-le-port-de-malaga\\\/#breadcrumb\",\"itemListElement\":[{\"@type\":\"ListItem\",\"position\":1,\"name\":\"Portada\",\"item\":\"https:\\\/\\\/www.nautilusdragados.com\\\/fr\\\/\"},{\"@type\":\"ListItem\",\"position\":2,\"name\":\"R\u00e9union de planification dans les installations de NOATU MARITIME, dans le port de Malaga\"}]},{\"@type\":\"WebSite\",\"@id\":\"https:\\\/\\\/www.nautilusdragados.com\\\/fr\\\/#website\",\"url\":\"https:\\\/\\\/www.nautilusdragados.com\\\/fr\\\/\",\"name\":\"Dragados Nautilus\",\"description\":\"Retos medioambientales marinos\",\"publisher\":{\"@id\":\"https:\\\/\\\/www.nautilusdragados.com\\\/fr\\\/#organization\"},\"potentialAction\":[{\"@type\":\"SearchAction\",\"target\":{\"@type\":\"EntryPoint\",\"urlTemplate\":\"https:\\\/\\\/www.nautilusdragados.com\\\/fr\\\/?s={search_term_string}\"},\"query-input\":{\"@type\":\"PropertyValueSpecification\",\"valueRequired\":true,\"valueName\":\"search_term_string\"}}],\"inLanguage\":\"fr-FR\"},{\"@type\":\"Organization\",\"@id\":\"https:\\\/\\\/www.nautilusdragados.com\\\/fr\\\/#organization\",\"name\":\"Dragados Nautilus\",\"url\":\"https:\\\/\\\/www.nautilusdragados.com\\\/fr\\\/\",\"logo\":{\"@type\":\"ImageObject\",\"inLanguage\":\"fr-FR\",\"@id\":\"https:\\\/\\\/www.nautilusdragados.com\\\/fr\\\/#\\\/schema\\\/logo\\\/image\\\/\",\"url\":\"https:\\\/\\\/www.nautilusdragados.com\\\/wp-content\\\/uploads\\\/2024\\\/09\\\/logo-nautilus.png\",\"contentUrl\":\"https:\\\/\\\/www.nautilusdragados.com\\\/wp-content\\\/uploads\\\/2024\\\/09\\\/logo-nautilus.png\",\"width\":482,\"height\":115,\"caption\":\"Dragados Nautilus\"},\"image\":{\"@id\":\"https:\\\/\\\/www.nautilusdragados.com\\\/fr\\\/#\\\/schema\\\/logo\\\/image\\\/\"}},{\"@type\":\"Person\",\"@id\":\"https:\\\/\\\/www.nautilusdragados.com\\\/fr\\\/#\\\/schema\\\/person\\\/a7320e568496fcef6ae2fbdd392893fb\",\"name\":\"admin\",\"image\":{\"@type\":\"ImageObject\",\"inLanguage\":\"fr-FR\",\"@id\":\"https:\\\/\\\/secure.gravatar.com\\\/avatar\\\/8d6dcab9ee12841d4b3c71b7639455bb04683d31fd41ad66ec3164209d3e2a0b?s=96&d=mm&r=g\",\"url\":\"https:\\\/\\\/secure.gravatar.com\\\/avatar\\\/8d6dcab9ee12841d4b3c71b7639455bb04683d31fd41ad66ec3164209d3e2a0b?s=96&d=mm&r=g\",\"contentUrl\":\"https:\\\/\\\/secure.gravatar.com\\\/avatar\\\/8d6dcab9ee12841d4b3c71b7639455bb04683d31fd41ad66ec3164209d3e2a0b?s=96&d=mm&r=g\",\"caption\":\"admin\"},\"sameAs\":[\"https:\\\/\\\/www.nautilusdragados.com\"],\"url\":\"https:\\\/\\\/www.nautilusdragados.com\\\/fr\\\/author\\\/admin\\\/\"}]}<\/script>\n<!-- \/ Yoast SEO plugin. -->","yoast_head_json":{"title":"R\u00e9union de planification dans les installations de NOATU MARITIME, dans le port de Malaga - Nautilus Dragados","robots":{"index":"index","follow":"follow","max-snippet":"max-snippet:-1","max-image-preview":"max-image-preview:large","max-video-preview":"max-video-preview:-1"},"canonical":"https:\/\/www.nautilusdragados.com\/fr\/reunion-de-planification-dans-les-installations-de-noatu-maritime-dans-le-port-de-malaga\/","og_locale":"fr_FR","og_type":"article","og_title":"R\u00e9union de planification dans les installations de NOATU MARITIME, dans le port de Malaga - Nautilus Dragados","og_description":"Chez Nautilus Dragados, nous continuons de cr\u00e9er de la valeur aux c\u00f4t\u00e9s de professionnels de haut niveau, en nous entourant toujours des meilleurs. Merci \u00e0 NOATUM M\u00e1laga pour son excellente collaboration, que nous renfor\u00e7ons jour apr\u00e8s jour.","og_url":"https:\/\/www.nautilusdragados.com\/fr\/reunion-de-planification-dans-les-installations-de-noatu-maritime-dans-le-port-de-malaga\/","og_site_name":"Nautilus Dragados","article_published_time":"2025-11-26T09:58:28+00:00","article_modified_time":"2025-11-26T10:03:11+00:00","og_image":[{"width":1200,"height":800,"url":"https:\/\/www.nautilusdragados.com\/wp-content\/uploads\/2025\/11\/reunion-puerto.jpg","type":"image\/jpeg"}],"author":"admin","twitter_card":"summary_large_image","twitter_misc":{"\u00c9crit par":"admin","Dur\u00e9e de lecture estim\u00e9e":"1 minute"},"schema":{"@context":"https:\/\/schema.org","@graph":[{"@type":"Article","@id":"https:\/\/www.nautilusdragados.com\/fr\/reunion-de-planification-dans-les-installations-de-noatu-maritime-dans-le-port-de-malaga\/#article","isPartOf":{"@id":"https:\/\/www.nautilusdragados.com\/fr\/reunion-de-planification-dans-les-installations-de-noatu-maritime-dans-le-port-de-malaga\/"},"author":{"name":"admin","@id":"https:\/\/www.nautilusdragados.com\/fr\/#\/schema\/person\/a7320e568496fcef6ae2fbdd392893fb"},"headline":"R\u00e9union de planification dans les installations de NOATU MARITIME, dans le port de Malaga","datePublished":"2025-11-26T09:58:28+00:00","dateModified":"2025-11-26T10:03:11+00:00","mainEntityOfPage":{"@id":"https:\/\/www.nautilusdragados.com\/fr\/reunion-de-planification-dans-les-installations-de-noatu-maritime-dans-le-port-de-malaga\/"},"wordCount":206,"publisher":{"@id":"https:\/\/www.nautilusdragados.com\/fr\/#organization"},"image":{"@id":"https:\/\/www.nautilusdragados.com\/fr\/reunion-de-planification-dans-les-installations-de-noatu-maritime-dans-le-port-de-malaga\/#primaryimage"},"thumbnailUrl":"https:\/\/www.nautilusdragados.com\/wp-content\/uploads\/2025\/11\/reunion-puerto.jpg","articleSection":["Non classifi\u00e9(e)"],"inLanguage":"fr-FR"},{"@type":"WebPage","@id":"https:\/\/www.nautilusdragados.com\/fr\/reunion-de-planification-dans-les-installations-de-noatu-maritime-dans-le-port-de-malaga\/","url":"https:\/\/www.nautilusdragados.com\/fr\/reunion-de-planification-dans-les-installations-de-noatu-maritime-dans-le-port-de-malaga\/","name":"R\u00e9union de planification dans les installations de NOATU MARITIME, dans le port de Malaga - Nautilus Dragados","isPartOf":{"@id":"https:\/\/www.nautilusdragados.com\/fr\/#website"},"primaryImageOfPage":{"@id":"https:\/\/www.nautilusdragados.com\/fr\/reunion-de-planification-dans-les-installations-de-noatu-maritime-dans-le-port-de-malaga\/#primaryimage"},"image":{"@id":"https:\/\/www.nautilusdragados.com\/fr\/reunion-de-planification-dans-les-installations-de-noatu-maritime-dans-le-port-de-malaga\/#primaryimage"},"thumbnailUrl":"https:\/\/www.nautilusdragados.com\/wp-content\/uploads\/2025\/11\/reunion-puerto.jpg","datePublished":"2025-11-26T09:58:28+00:00","dateModified":"2025-11-26T10:03:11+00:00","breadcrumb":{"@id":"https:\/\/www.nautilusdragados.com\/fr\/reunion-de-planification-dans-les-installations-de-noatu-maritime-dans-le-port-de-malaga\/#breadcrumb"},"inLanguage":"fr-FR","potentialAction":[{"@type":"ReadAction","target":["https:\/\/www.nautilusdragados.com\/fr\/reunion-de-planification-dans-les-installations-de-noatu-maritime-dans-le-port-de-malaga\/"]}]},{"@type":"ImageObject","inLanguage":"fr-FR","@id":"https:\/\/www.nautilusdragados.com\/fr\/reunion-de-planification-dans-les-installations-de-noatu-maritime-dans-le-port-de-malaga\/#primaryimage","url":"https:\/\/www.nautilusdragados.com\/wp-content\/uploads\/2025\/11\/reunion-puerto.jpg","contentUrl":"https:\/\/www.nautilusdragados.com\/wp-content\/uploads\/2025\/11\/reunion-puerto.jpg","width":1200,"height":800,"caption":"RE"},{"@type":"BreadcrumbList","@id":"https:\/\/www.nautilusdragados.com\/fr\/reunion-de-planification-dans-les-installations-de-noatu-maritime-dans-le-port-de-malaga\/#breadcrumb","itemListElement":[{"@type":"ListItem","position":1,"name":"Portada","item":"https:\/\/www.nautilusdragados.com\/fr\/"},{"@type":"ListItem","position":2,"name":"R\u00e9union de planification dans les installations de NOATU MARITIME, dans le port de Malaga"}]},{"@type":"WebSite","@id":"https:\/\/www.nautilusdragados.com\/fr\/#website","url":"https:\/\/www.nautilusdragados.com\/fr\/","name":"Dragados Nautilus","description":"Retos medioambientales marinos","publisher":{"@id":"https:\/\/www.nautilusdragados.com\/fr\/#organization"},"potentialAction":[{"@type":"SearchAction","target":{"@type":"EntryPoint","urlTemplate":"https:\/\/www.nautilusdragados.com\/fr\/?s={search_term_string}"},"query-input":{"@type":"PropertyValueSpecification","valueRequired":true,"valueName":"search_term_string"}}],"inLanguage":"fr-FR"},{"@type":"Organization","@id":"https:\/\/www.nautilusdragados.com\/fr\/#organization","name":"Dragados Nautilus","url":"https:\/\/www.nautilusdragados.com\/fr\/","logo":{"@type":"ImageObject","inLanguage":"fr-FR","@id":"https:\/\/www.nautilusdragados.com\/fr\/#\/schema\/logo\/image\/","url":"https:\/\/www.nautilusdragados.com\/wp-content\/uploads\/2024\/09\/logo-nautilus.png","contentUrl":"https:\/\/www.nautilusdragados.com\/wp-content\/uploads\/2024\/09\/logo-nautilus.png","width":482,"height":115,"caption":"Dragados Nautilus"},"image":{"@id":"https:\/\/www.nautilusdragados.com\/fr\/#\/schema\/logo\/image\/"}},{"@type":"Person","@id":"https:\/\/www.nautilusdragados.com\/fr\/#\/schema\/person\/a7320e568496fcef6ae2fbdd392893fb","name":"admin","image":{"@type":"ImageObject","inLanguage":"fr-FR","@id":"https:\/\/secure.gravatar.com\/avatar\/8d6dcab9ee12841d4b3c71b7639455bb04683d31fd41ad66ec3164209d3e2a0b?s=96&d=mm&r=g","url":"https:\/\/secure.gravatar.com\/avatar\/8d6dcab9ee12841d4b3c71b7639455bb04683d31fd41ad66ec3164209d3e2a0b?s=96&d=mm&r=g","contentUrl":"https:\/\/secure.gravatar.com\/avatar\/8d6dcab9ee12841d4b3c71b7639455bb04683d31fd41ad66ec3164209d3e2a0b?s=96&d=mm&r=g","caption":"admin"},"sameAs":["https:\/\/www.nautilusdragados.com"],"url":"https:\/\/www.nautilusdragados.com\/fr\/author\/admin\/"}]}},"_links":{"self":[{"href":"https:\/\/www.nautilusdragados.com\/fr\/wp-json\/wp\/v2\/posts\/2671","targetHints":{"allow":["GET"]}}],"collection":[{"href":"https:\/\/www.nautilusdragados.com\/fr\/wp-json\/wp\/v2\/posts"}],"about":[{"href":"https:\/\/www.nautilusdragados.com\/fr\/wp-json\/wp\/v2\/types\/post"}],"author":[{"embeddable":true,"href":"https:\/\/www.nautilusdragados.com\/fr\/wp-json\/wp\/v2\/users\/1"}],"replies":[{"embeddable":true,"href":"https:\/\/www.nautilusdragados.com\/fr\/wp-json\/wp\/v2\/comments?post=2671"}],"version-history":[{"count":2,"href":"https:\/\/www.nautilusdragados.com\/fr\/wp-json\/wp\/v2\/posts\/2671\/revisions"}],"predecessor-version":[{"id":2673,"href":"https:\/\/www.nautilusdragados.com\/fr\/wp-json\/wp\/v2\/posts\/2671\/revisions\/2673"}],"wp:featuredmedia":[{"embeddable":true,"href":"https:\/\/www.nautilusdragados.com\/fr\/wp-json\/wp\/v2\/media\/2661"}],"wp:attachment":[{"href":"https:\/\/www.nautilusdragados.com\/fr\/wp-json\/wp\/v2\/media?parent=2671"}],"wp:term":[{"taxonomy":"category","embeddable":true,"href":"https:\/\/www.nautilusdragados.com\/fr\/wp-json\/wp\/v2\/categories?post=2671"},{"taxonomy":"post_tag","embeddable":true,"href":"https:\/\/www.nautilusdragados.com\/fr\/wp-json\/wp\/v2\/tags?post=2671"}],"curies":[{"name":"wp","href":"https:\/\/api.w.org\/{rel}","templated":true}]}}