{"id":2798,"date":"2026-03-06T11:47:20","date_gmt":"2026-03-06T11:47:20","guid":{"rendered":"https:\/\/www.nautilusdragados.com\/nautilus-dragados-participe-au-petit-dejeuner-bleu-perspectives-davenir-a-seville\/"},"modified":"2026-03-06T12:31:16","modified_gmt":"2026-03-06T12:31:16","slug":"nautilus-dragados-participe-au-petit-dejeuner-bleu-perspectives-davenir-a-seville","status":"publish","type":"post","link":"https:\/\/www.nautilusdragados.com\/fr\/nautilus-dragados-participe-au-petit-dejeuner-bleu-perspectives-davenir-a-seville\/","title":{"rendered":"Nautilus Dragados participe au \u00ab Petit-d\u00e9jeuner bleu : Perspectives d&rsquo;avenir \u00bb \u00e0 S\u00e9ville"},"content":{"rendered":"<p>[et_pb_section fb_built=\u00a0\u00bb1&Prime; _builder_version=\u00a0\u00bb4.27.5&Prime; _module_preset=\u00a0\u00bbdefault\u00a0\u00bb global_colors_info=\u00a0\u00bb{}\u00a0\u00bb theme_builder_area=\u00a0\u00bbpost_content\u00a0\u00bb][et_pb_row _builder_version=\u00a0\u00bb4.27.5&Prime; _module_preset=\u00a0\u00bbdefault\u00a0\u00bb global_colors_info=\u00a0\u00bb{}\u00a0\u00bb theme_builder_area=\u00a0\u00bbpost_content\u00a0\u00bb][et_pb_column type=\u00a0\u00bb4_4&Prime; _builder_version=\u00a0\u00bb4.27.5&Prime; _module_preset=\u00a0\u00bbdefault\u00a0\u00bb global_colors_info=\u00a0\u00bb{}\u00a0\u00bb theme_builder_area=\u00a0\u00bbpost_content\u00a0\u00bb][et_pb_text _builder_version=\u00a0\u00bb4.27.5&Prime; _module_preset=\u00a0\u00bbdefault\u00a0\u00bb link_font=\u00a0\u00bb|&#8211;et_global_body_font_weight|||on||||\u00a0\u00bb global_colors_info=\u00a0\u00bb{}\u00a0\u00bb theme_builder_area=\u00a0\u00bbpost_content\u00a0\u00bb]<\/p>\n<p>Le 20 f\u00e9vrier 2026, <strong>Nautilus Dragados<\/strong> \u00e9tait pr\u00e9sent au <strong>Blue Breakfast : Perspectives pour l&rsquo;avenir<\/strong>, organis\u00e9 par le <strong><a href=\"https:\/\/cmma.eu\/\">Cluster maritime-marin d&rsquo;Andalousie (CMMA)<\/a><\/strong> en collaboration avec le journal <strong>La Raz\u00f3n<\/strong>, qui s&rsquo;est tenu dans la ville de <strong>S\u00e9ville<\/strong>.<\/p>\n<p>Cette r\u00e9union a rassembl\u00e9 des repr\u00e9sentants institutionnels, des entreprises et des experts des secteurs maritime, portuaire et logistique afin d&rsquo;analyser le r\u00f4le de <strong>l&rsquo;\u00e9conomie bleue comme moteur de d\u00e9veloppement et de croissance pour S\u00e9ville et ses environs<\/strong>.<\/p>\n<p>&nbsp;<\/p>\n<p>[\/et_pb_text][et_pb_image src=\u00a0\u00bbhttps:\/\/www.nautilusdragados.com\/wp-content\/uploads\/2026\/03\/desayuno-azul-perspectivas.jpeg\u00a0\u00bb alt=\u00a0\u00bbPetit-d\u00e9jeuner bleu : perspectives d&#039;avenir\u00a0\u00bb title_text=\u00a0\u00bbPetit-d\u00e9jeuner bleu\u00a0\u00bb _builder_version=\u00a0\u00bb4.27.5&Prime; _module_preset=\u00a0\u00bbdefault\u00a0\u00bb global_colors_info=\u00a0\u00bb{}\u00a0\u00bb theme_builder_area=\u00a0\u00bbpost_content\u00a0\u00bb][\/et_pb_image][et_pb_text _builder_version=\u00a0\u00bb4.27.5&Prime; _module_preset=\u00a0\u00bbdefault\u00a0\u00bb global_colors_info=\u00a0\u00bb{}\u00a0\u00bb theme_builder_area=\u00a0\u00bbpost_content\u00a0\u00bb]<\/p>\n<h3>Table ronde : l&rsquo;\u00e9conomie bleue comme vecteur de croissance<\/h3>\n<p>Lors de cet \u00e9v\u00e9nement, une table ronde intitul\u00e9e <strong>\u00ab L\u2019\u00e9conomie bleue comme vecteur de croissance pour S\u00e9ville \u00bb<\/strong> s\u2019est tenue, \u00e0 laquelle ont particip\u00e9 des personnalit\u00e9s \u00e9minentes des milieux institutionnels, commerciaux et universitaires :<\/p>\n<ul>\n<li><strong>Alberto Barroso Caro<\/strong>, directeur du Centre d&rsquo;innovation CIUSA et professeur \u00e0 l&rsquo;Universit\u00e9 de S\u00e9ville<\/li>\n<li><strong>Carmen Tovar Rodr\u00edguez<\/strong>, d\u00e9l\u00e9gu\u00e9e sp\u00e9ciale du ministre des Finances aupr\u00e8s du Consortium de la zone franche de S\u00e9ville<\/li>\n<li><strong>Manuel Parejo<\/strong>, directeur du bureau S\u00e9ville Open for Business<\/li>\n<li><strong>Fernando Torres Canadall<\/strong>, directeur du Grupo Fons\u00e1n<\/li>\n<\/ul>\n<p>Le panel \u00e9tait anim\u00e9 par <strong>Jos\u00e9 Lugo<\/strong>, d\u00e9l\u00e9gu\u00e9 de <strong>La Raz\u00f3n<\/strong> en Andalousie.<\/p>\n<p>Au cours du d\u00e9bat, les questions cl\u00e9s relatives au <strong>d\u00e9veloppement du secteur maritime, \u00e0 l&rsquo;innovation technologique, \u00e0 la durabilit\u00e9 et aux opportunit\u00e9s \u00e9conomiques li\u00e9es \u00e0 l&rsquo;environnement portuaire et fluvial<\/strong> ont \u00e9t\u00e9 abord\u00e9es, soulignant le r\u00f4le strat\u00e9gique du port de S\u00e9ville et des entreprises qui op\u00e8rent dans l&rsquo;\u00e9cosyst\u00e8me de l&rsquo;\u00e9conomie bleue.<\/p>\n<p>[\/et_pb_text][\/et_pb_column][\/et_pb_row][et_pb_row column_structure=\u00a0\u00bb1_2,1_2&Prime; _builder_version=\u00a0\u00bb4.27.5&Prime; _module_preset=\u00a0\u00bbdefault\u00a0\u00bb global_colors_info=\u00a0\u00bb{}\u00a0\u00bb theme_builder_area=\u00a0\u00bbpost_content\u00a0\u00bb][et_pb_column type=\u00a0\u00bb1_2&Prime; _builder_version=\u00a0\u00bb4.27.5&Prime; _module_preset=\u00a0\u00bbdefault\u00a0\u00bb global_colors_info=\u00a0\u00bb{}\u00a0\u00bb theme_builder_area=\u00a0\u00bbpost_content\u00a0\u00bb][et_pb_image src=\u00a0\u00bbhttps:\/\/www.nautilusdragados.com\/wp-content\/uploads\/2026\/03\/desayuno-azul-institucional.jpeg\u00a0\u00bb alt=\u00a0\u00bbFrancisco Manen, repr\u00e9sentants du secteur maritime\u00a0\u00bb title_text=\u00a0\u00bbPetit-d\u00e9jeuner bleu\u00a0\u00bb _builder_version=\u00a0\u00bb4.27.5&Prime; _module_preset=\u00a0\u00bbdefault\u00a0\u00bb global_colors_info=\u00a0\u00bb{}\u00a0\u00bb theme_builder_area=\u00a0\u00bbpost_content\u00a0\u00bb][\/et_pb_image][et_pb_text _builder_version=\u00a0\u00bb4.27.5&Prime; _module_preset=\u00a0\u00bbdefault\u00a0\u00bb theme_builder_area=\u00a0\u00bbpost_content\u00a0\u00bb hover_enabled=\u00a0\u00bb0&Prime; sticky_enabled=\u00a0\u00bb0&Prime; text_font_size_last_edited=\u00a0\u00bbon|desktop\u00a0\u00bb text_font_size=\u00a0\u00bb12px\u00a0\u00bb text_font_size_tablet=\u00a0\u00bb12px\u00a0\u00bb text_font_size_phone=\u00a0\u00bb12px\u00a0\u00bb]<\/p>\n<p class=\"p1\">De gauche \u00e0 droite : M. Rafael Carmona, pr\u00e9sident de l&rsquo;Autorit\u00e9 portuaire de S\u00e9ville, M. Javier Noriega, pr\u00e9sident du Cluster maritime d&rsquo;Andalousie et M. Francisco Al\u00ed Man\u00e9n, directeur g\u00e9n\u00e9ral de Nautilus Dragados.<\/p>\n<p>[\/et_pb_text][\/et_pb_column][et_pb_column type=\u00a0\u00bb1_2&Prime; _builder_version=\u00a0\u00bb4.27.5&Prime; _module_preset=\u00a0\u00bbdefault\u00a0\u00bb global_colors_info=\u00a0\u00bb{}\u00a0\u00bb theme_builder_area=\u00a0\u00bbpost_content\u00a0\u00bb][et_pb_text _builder_version=\u00a0\u00bb4.27.5&Prime; _module_preset=\u00a0\u00bbdefault\u00a0\u00bb global_colors_info=\u00a0\u00bb{}\u00a0\u00bb theme_builder_area=\u00a0\u00bbpost_content\u00a0\u00bb]<\/p>\n<h3>R\u00e9union institutionnelle<\/h3>\n<p>Lors de cet \u00e9v\u00e9nement, notre PDG, <strong>Francisco Al\u00ed Man\u00e9n<\/strong>, a eu l&rsquo;occasion d&rsquo;\u00e9changer avec <strong>Rafael Carmona<\/strong>, pr\u00e9sident de <strong>l&rsquo;Autorit\u00e9 portuaire de S\u00e9ville<\/strong>, et avec <strong>Javier Noriega<\/strong>, pr\u00e9sident du <strong>Cluster maritime d&rsquo;Andalousie<\/strong>.<\/p>\n<p>Ces r\u00e9unions soulignent l&rsquo;importance de la <strong>collaboration entre les entreprises, les institutions et les organisations du secteur maritime<\/strong>, collaboration essentielle pour promouvoir les projets li\u00e9s \u00e0 <strong>la gestion durable du littoral, des infrastructures portuaires et au d\u00e9veloppement de l&rsquo;\u00e9conomie bleue<\/strong>.<\/p>\n<p>Chez Nautilus Dragados, nous continuons \u00e0 participer activement aux forums et espaces de dialogue du secteur, en apportant notre exp\u00e9rience en mati\u00e8re de <strong><a href=\"https:\/\/www.nautilusdragados.com\/fr\/dragage-des-rivieres-et-des-ports\/\">dragage<\/a><\/strong>, de <strong><a href=\"https:\/\/www.nautilusdragados.com\/fr\/restauration-des-plages\/\">restauration c\u00f4ti\u00e8re<\/a><\/strong> et de <a href=\"https:\/\/www.nautilusdragados.com\/fr\/environnement\/\">solutions durables<\/a> pour les environnements maritimes et portuaires.<\/p>\n<p>[\/et_pb_text][\/et_pb_column][\/et_pb_row][\/et_pb_section]<\/p>\n","protected":false},"excerpt":{"rendered":"<p>Le 20 f\u00e9vrier 2026, Nautilus Dragados \u00e9tait pr\u00e9sent au Blue Breakfast : Perspectives pour l&rsquo;avenir, organis\u00e9 par le Cluster maritime-marin d&rsquo;Andalousie (CMMA) en collaboration avec le journal La Raz\u00f3n, qui s&rsquo;est tenu dans la ville de S\u00e9ville. Cette r\u00e9union a rassembl\u00e9 des repr\u00e9sentants institutionnels, des entreprises et des experts des secteurs maritime, portuaire et logistique afin d&rsquo;analyser le r\u00f4le de l&rsquo;\u00e9conomie bleue comme moteur de d\u00e9veloppement et de croissance pour S\u00e9ville et ses environs. &nbsp;Table ronde : l&rsquo;\u00e9conomie bleue comme vecteur de croissance Lors de cet \u00e9v\u00e9nement, une table ronde intitul\u00e9e \u00ab L\u2019\u00e9conomie bleue comme vecteur de croissance pour S\u00e9ville \u00bb s\u2019est tenue, \u00e0 laquelle ont particip\u00e9 des personnalit\u00e9s \u00e9minentes des milieux institutionnels, commerciaux et universitaires : Alberto Barroso Caro, directeur du Centre d&rsquo;innovation CIUSA et professeur \u00e0 l&rsquo;Universit\u00e9 de S\u00e9ville Carmen Tovar Rodr\u00edguez, d\u00e9l\u00e9gu\u00e9e sp\u00e9ciale du ministre des Finances aupr\u00e8s du Consortium de la zone franche de S\u00e9ville Manuel Parejo, directeur du bureau S\u00e9ville Open for Business Fernando Torres Canadall, directeur du Grupo Fons\u00e1n Le panel \u00e9tait anim\u00e9 par Jos\u00e9 Lugo, d\u00e9l\u00e9gu\u00e9 de La Raz\u00f3n en Andalousie. Au cours du d\u00e9bat, les questions cl\u00e9s relatives au d\u00e9veloppement du secteur maritime, \u00e0 l&rsquo;innovation technologique, \u00e0 la durabilit\u00e9 et aux opportunit\u00e9s [&hellip;]<\/p>\n","protected":false},"author":1,"featured_media":2792,"comment_status":"closed","ping_status":"closed","sticky":false,"template":"","format":"standard","meta":{"_et_pb_use_builder":"on","_et_pb_old_content":"","_et_gb_content_width":"","footnotes":""},"categories":[12],"tags":[],"class_list":["post-2798","post","type-post","status-publish","format-standard","has-post-thumbnail","hentry","category-non-classifiee"],"yoast_head":"<!-- This site is optimized with the Yoast SEO plugin v27.5 - https:\/\/yoast.com\/product\/yoast-seo-wordpress\/ -->\n<title>Nautilus Dragados participe au \u00ab Petit-d\u00e9jeuner bleu : Perspectives d&#039;avenir \u00bb \u00e0 S\u00e9ville - Nautilus Dragados<\/title>\n<meta name=\"robots\" content=\"index, follow, max-snippet:-1, max-image-preview:large, max-video-preview:-1\" \/>\n<link rel=\"canonical\" href=\"https:\/\/www.nautilusdragados.com\/fr\/nautilus-dragados-participe-au-petit-dejeuner-bleu-perspectives-davenir-a-seville\/\" \/>\n<meta property=\"og:locale\" content=\"fr_FR\" \/>\n<meta property=\"og:type\" content=\"article\" \/>\n<meta property=\"og:title\" content=\"Nautilus Dragados participe au \u00ab Petit-d\u00e9jeuner bleu : Perspectives d&#039;avenir \u00bb \u00e0 S\u00e9ville - Nautilus Dragados\" \/>\n<meta property=\"og:description\" content=\"Le 20 f\u00e9vrier 2026, Nautilus Dragados \u00e9tait pr\u00e9sent au Blue Breakfast : Perspectives pour l&#039;avenir, organis\u00e9 par le Cluster maritime-marin d&#039;Andalousie (CMMA) en collaboration avec le journal La Raz\u00f3n, qui s&#039;est tenu dans la ville de S\u00e9ville. Cette r\u00e9union a rassembl\u00e9 des repr\u00e9sentants institutionnels, des entreprises et des experts des secteurs maritime, portuaire et logistique afin d&#039;analyser le r\u00f4le de l&#039;\u00e9conomie bleue comme moteur de d\u00e9veloppement et de croissance pour S\u00e9ville et ses environs. &nbsp;Table ronde : l&#039;\u00e9conomie bleue comme vecteur de croissance Lors de cet \u00e9v\u00e9nement, une table ronde intitul\u00e9e \u00ab L\u2019\u00e9conomie bleue comme vecteur de croissance pour S\u00e9ville \u00bb s\u2019est tenue, \u00e0 laquelle ont particip\u00e9 des personnalit\u00e9s \u00e9minentes des milieux institutionnels, commerciaux et universitaires : Alberto Barroso Caro, directeur du Centre d&#039;innovation CIUSA et professeur \u00e0 l&#039;Universit\u00e9 de S\u00e9ville Carmen Tovar Rodr\u00edguez, d\u00e9l\u00e9gu\u00e9e sp\u00e9ciale du ministre des Finances aupr\u00e8s du Consortium de la zone franche de S\u00e9ville Manuel Parejo, directeur du bureau S\u00e9ville Open for Business Fernando Torres Canadall, directeur du Grupo Fons\u00e1n Le panel \u00e9tait anim\u00e9 par Jos\u00e9 Lugo, d\u00e9l\u00e9gu\u00e9 de La Raz\u00f3n en Andalousie. Au cours du d\u00e9bat, les questions cl\u00e9s relatives au d\u00e9veloppement du secteur maritime, \u00e0 l&#039;innovation technologique, \u00e0 la durabilit\u00e9 et aux opportunit\u00e9s [&hellip;]\" \/>\n<meta property=\"og:url\" content=\"https:\/\/www.nautilusdragados.com\/fr\/nautilus-dragados-participe-au-petit-dejeuner-bleu-perspectives-davenir-a-seville\/\" \/>\n<meta property=\"og:site_name\" content=\"Nautilus Dragados\" \/>\n<meta property=\"article:published_time\" content=\"2026-03-06T11:47:20+00:00\" \/>\n<meta property=\"article:modified_time\" content=\"2026-03-06T12:31:16+00:00\" \/>\n<meta property=\"og:image\" content=\"https:\/\/www.nautilusdragados.com\/wp-content\/uploads\/2026\/03\/desayuno-azul-presencia.jpg\" \/>\n\t<meta property=\"og:image:width\" content=\"1200\" \/>\n\t<meta property=\"og:image:height\" content=\"800\" \/>\n\t<meta property=\"og:image:type\" content=\"image\/jpeg\" \/>\n<meta name=\"author\" content=\"admin\" \/>\n<meta name=\"twitter:card\" content=\"summary_large_image\" \/>\n<meta name=\"twitter:label1\" content=\"\u00c9crit par\" \/>\n\t<meta name=\"twitter:data1\" content=\"admin\" \/>\n\t<meta name=\"twitter:label2\" content=\"Dur\u00e9e de lecture estim\u00e9e\" \/>\n\t<meta name=\"twitter:data2\" content=\"4 minutes\" \/>\n<script type=\"application\/ld+json\" class=\"yoast-schema-graph\">{\"@context\":\"https:\\\/\\\/schema.org\",\"@graph\":[{\"@type\":\"Article\",\"@id\":\"https:\\\/\\\/www.nautilusdragados.com\\\/fr\\\/nautilus-dragados-participe-au-petit-dejeuner-bleu-perspectives-davenir-a-seville\\\/#article\",\"isPartOf\":{\"@id\":\"https:\\\/\\\/www.nautilusdragados.com\\\/fr\\\/nautilus-dragados-participe-au-petit-dejeuner-bleu-perspectives-davenir-a-seville\\\/\"},\"author\":{\"name\":\"admin\",\"@id\":\"https:\\\/\\\/www.nautilusdragados.com\\\/fr\\\/#\\\/schema\\\/person\\\/a7320e568496fcef6ae2fbdd392893fb\"},\"headline\":\"Nautilus Dragados participe au \u00ab Petit-d\u00e9jeuner bleu : Perspectives d&rsquo;avenir \u00bb \u00e0 S\u00e9ville\",\"datePublished\":\"2026-03-06T11:47:20+00:00\",\"dateModified\":\"2026-03-06T12:31:16+00:00\",\"mainEntityOfPage\":{\"@id\":\"https:\\\/\\\/www.nautilusdragados.com\\\/fr\\\/nautilus-dragados-participe-au-petit-dejeuner-bleu-perspectives-davenir-a-seville\\\/\"},\"wordCount\":753,\"publisher\":{\"@id\":\"https:\\\/\\\/www.nautilusdragados.com\\\/fr\\\/#organization\"},\"image\":{\"@id\":\"https:\\\/\\\/www.nautilusdragados.com\\\/fr\\\/nautilus-dragados-participe-au-petit-dejeuner-bleu-perspectives-davenir-a-seville\\\/#primaryimage\"},\"thumbnailUrl\":\"https:\\\/\\\/www.nautilusdragados.com\\\/wp-content\\\/uploads\\\/2026\\\/03\\\/desayuno-azul-presencia.jpg\",\"articleSection\":[\"Non classifi\u00e9(e)\"],\"inLanguage\":\"fr-FR\"},{\"@type\":\"WebPage\",\"@id\":\"https:\\\/\\\/www.nautilusdragados.com\\\/fr\\\/nautilus-dragados-participe-au-petit-dejeuner-bleu-perspectives-davenir-a-seville\\\/\",\"url\":\"https:\\\/\\\/www.nautilusdragados.com\\\/fr\\\/nautilus-dragados-participe-au-petit-dejeuner-bleu-perspectives-davenir-a-seville\\\/\",\"name\":\"Nautilus Dragados participe au \u00ab Petit-d\u00e9jeuner bleu : Perspectives d'avenir \u00bb \u00e0 S\u00e9ville - Nautilus Dragados\",\"isPartOf\":{\"@id\":\"https:\\\/\\\/www.nautilusdragados.com\\\/fr\\\/#website\"},\"primaryImageOfPage\":{\"@id\":\"https:\\\/\\\/www.nautilusdragados.com\\\/fr\\\/nautilus-dragados-participe-au-petit-dejeuner-bleu-perspectives-davenir-a-seville\\\/#primaryimage\"},\"image\":{\"@id\":\"https:\\\/\\\/www.nautilusdragados.com\\\/fr\\\/nautilus-dragados-participe-au-petit-dejeuner-bleu-perspectives-davenir-a-seville\\\/#primaryimage\"},\"thumbnailUrl\":\"https:\\\/\\\/www.nautilusdragados.com\\\/wp-content\\\/uploads\\\/2026\\\/03\\\/desayuno-azul-presencia.jpg\",\"datePublished\":\"2026-03-06T11:47:20+00:00\",\"dateModified\":\"2026-03-06T12:31:16+00:00\",\"breadcrumb\":{\"@id\":\"https:\\\/\\\/www.nautilusdragados.com\\\/fr\\\/nautilus-dragados-participe-au-petit-dejeuner-bleu-perspectives-davenir-a-seville\\\/#breadcrumb\"},\"inLanguage\":\"fr-FR\",\"potentialAction\":[{\"@type\":\"ReadAction\",\"target\":[\"https:\\\/\\\/www.nautilusdragados.com\\\/fr\\\/nautilus-dragados-participe-au-petit-dejeuner-bleu-perspectives-davenir-a-seville\\\/\"]}]},{\"@type\":\"ImageObject\",\"inLanguage\":\"fr-FR\",\"@id\":\"https:\\\/\\\/www.nautilusdragados.com\\\/fr\\\/nautilus-dragados-participe-au-petit-dejeuner-bleu-perspectives-davenir-a-seville\\\/#primaryimage\",\"url\":\"https:\\\/\\\/www.nautilusdragados.com\\\/wp-content\\\/uploads\\\/2026\\\/03\\\/desayuno-azul-presencia.jpg\",\"contentUrl\":\"https:\\\/\\\/www.nautilusdragados.com\\\/wp-content\\\/uploads\\\/2026\\\/03\\\/desayuno-azul-presencia.jpg\",\"width\":1200,\"height\":800,\"caption\":\"Desayuno Azul\"},{\"@type\":\"BreadcrumbList\",\"@id\":\"https:\\\/\\\/www.nautilusdragados.com\\\/fr\\\/nautilus-dragados-participe-au-petit-dejeuner-bleu-perspectives-davenir-a-seville\\\/#breadcrumb\",\"itemListElement\":[{\"@type\":\"ListItem\",\"position\":1,\"name\":\"Portada\",\"item\":\"https:\\\/\\\/www.nautilusdragados.com\\\/fr\\\/\"},{\"@type\":\"ListItem\",\"position\":2,\"name\":\"Nautilus Dragados participe au \u00ab Petit-d\u00e9jeuner bleu : Perspectives d&rsquo;avenir \u00bb \u00e0 S\u00e9ville\"}]},{\"@type\":\"WebSite\",\"@id\":\"https:\\\/\\\/www.nautilusdragados.com\\\/fr\\\/#website\",\"url\":\"https:\\\/\\\/www.nautilusdragados.com\\\/fr\\\/\",\"name\":\"Dragados Nautilus\",\"description\":\"Retos medioambientales marinos\",\"publisher\":{\"@id\":\"https:\\\/\\\/www.nautilusdragados.com\\\/fr\\\/#organization\"},\"potentialAction\":[{\"@type\":\"SearchAction\",\"target\":{\"@type\":\"EntryPoint\",\"urlTemplate\":\"https:\\\/\\\/www.nautilusdragados.com\\\/fr\\\/?s={search_term_string}\"},\"query-input\":{\"@type\":\"PropertyValueSpecification\",\"valueRequired\":true,\"valueName\":\"search_term_string\"}}],\"inLanguage\":\"fr-FR\"},{\"@type\":\"Organization\",\"@id\":\"https:\\\/\\\/www.nautilusdragados.com\\\/fr\\\/#organization\",\"name\":\"Dragados Nautilus\",\"url\":\"https:\\\/\\\/www.nautilusdragados.com\\\/fr\\\/\",\"logo\":{\"@type\":\"ImageObject\",\"inLanguage\":\"fr-FR\",\"@id\":\"https:\\\/\\\/www.nautilusdragados.com\\\/fr\\\/#\\\/schema\\\/logo\\\/image\\\/\",\"url\":\"https:\\\/\\\/www.nautilusdragados.com\\\/wp-content\\\/uploads\\\/2024\\\/09\\\/logo-nautilus.png\",\"contentUrl\":\"https:\\\/\\\/www.nautilusdragados.com\\\/wp-content\\\/uploads\\\/2024\\\/09\\\/logo-nautilus.png\",\"width\":482,\"height\":115,\"caption\":\"Dragados Nautilus\"},\"image\":{\"@id\":\"https:\\\/\\\/www.nautilusdragados.com\\\/fr\\\/#\\\/schema\\\/logo\\\/image\\\/\"}},{\"@type\":\"Person\",\"@id\":\"https:\\\/\\\/www.nautilusdragados.com\\\/fr\\\/#\\\/schema\\\/person\\\/a7320e568496fcef6ae2fbdd392893fb\",\"name\":\"admin\",\"image\":{\"@type\":\"ImageObject\",\"inLanguage\":\"fr-FR\",\"@id\":\"https:\\\/\\\/secure.gravatar.com\\\/avatar\\\/8d6dcab9ee12841d4b3c71b7639455bb04683d31fd41ad66ec3164209d3e2a0b?s=96&d=mm&r=g\",\"url\":\"https:\\\/\\\/secure.gravatar.com\\\/avatar\\\/8d6dcab9ee12841d4b3c71b7639455bb04683d31fd41ad66ec3164209d3e2a0b?s=96&d=mm&r=g\",\"contentUrl\":\"https:\\\/\\\/secure.gravatar.com\\\/avatar\\\/8d6dcab9ee12841d4b3c71b7639455bb04683d31fd41ad66ec3164209d3e2a0b?s=96&d=mm&r=g\",\"caption\":\"admin\"},\"sameAs\":[\"https:\\\/\\\/www.nautilusdragados.com\"],\"url\":\"https:\\\/\\\/www.nautilusdragados.com\\\/fr\\\/author\\\/admin\\\/\"}]}<\/script>\n<!-- \/ Yoast SEO plugin. -->","yoast_head_json":{"title":"Nautilus Dragados participe au \u00ab Petit-d\u00e9jeuner bleu : Perspectives d'avenir \u00bb \u00e0 S\u00e9ville - Nautilus Dragados","robots":{"index":"index","follow":"follow","max-snippet":"max-snippet:-1","max-image-preview":"max-image-preview:large","max-video-preview":"max-video-preview:-1"},"canonical":"https:\/\/www.nautilusdragados.com\/fr\/nautilus-dragados-participe-au-petit-dejeuner-bleu-perspectives-davenir-a-seville\/","og_locale":"fr_FR","og_type":"article","og_title":"Nautilus Dragados participe au \u00ab Petit-d\u00e9jeuner bleu : Perspectives d'avenir \u00bb \u00e0 S\u00e9ville - Nautilus Dragados","og_description":"Le 20 f\u00e9vrier 2026, Nautilus Dragados \u00e9tait pr\u00e9sent au Blue Breakfast : Perspectives pour l'avenir, organis\u00e9 par le Cluster maritime-marin d'Andalousie (CMMA) en collaboration avec le journal La Raz\u00f3n, qui s'est tenu dans la ville de S\u00e9ville. Cette r\u00e9union a rassembl\u00e9 des repr\u00e9sentants institutionnels, des entreprises et des experts des secteurs maritime, portuaire et logistique afin d'analyser le r\u00f4le de l'\u00e9conomie bleue comme moteur de d\u00e9veloppement et de croissance pour S\u00e9ville et ses environs. &nbsp;Table ronde : l'\u00e9conomie bleue comme vecteur de croissance Lors de cet \u00e9v\u00e9nement, une table ronde intitul\u00e9e \u00ab L\u2019\u00e9conomie bleue comme vecteur de croissance pour S\u00e9ville \u00bb s\u2019est tenue, \u00e0 laquelle ont particip\u00e9 des personnalit\u00e9s \u00e9minentes des milieux institutionnels, commerciaux et universitaires : Alberto Barroso Caro, directeur du Centre d'innovation CIUSA et professeur \u00e0 l'Universit\u00e9 de S\u00e9ville Carmen Tovar Rodr\u00edguez, d\u00e9l\u00e9gu\u00e9e sp\u00e9ciale du ministre des Finances aupr\u00e8s du Consortium de la zone franche de S\u00e9ville Manuel Parejo, directeur du bureau S\u00e9ville Open for Business Fernando Torres Canadall, directeur du Grupo Fons\u00e1n Le panel \u00e9tait anim\u00e9 par Jos\u00e9 Lugo, d\u00e9l\u00e9gu\u00e9 de La Raz\u00f3n en Andalousie. Au cours du d\u00e9bat, les questions cl\u00e9s relatives au d\u00e9veloppement du secteur maritime, \u00e0 l'innovation technologique, \u00e0 la durabilit\u00e9 et aux opportunit\u00e9s [&hellip;]","og_url":"https:\/\/www.nautilusdragados.com\/fr\/nautilus-dragados-participe-au-petit-dejeuner-bleu-perspectives-davenir-a-seville\/","og_site_name":"Nautilus Dragados","article_published_time":"2026-03-06T11:47:20+00:00","article_modified_time":"2026-03-06T12:31:16+00:00","og_image":[{"width":1200,"height":800,"url":"https:\/\/www.nautilusdragados.com\/wp-content\/uploads\/2026\/03\/desayuno-azul-presencia.jpg","type":"image\/jpeg"}],"author":"admin","twitter_card":"summary_large_image","twitter_misc":{"\u00c9crit par":"admin","Dur\u00e9e de lecture estim\u00e9e":"4 minutes"},"schema":{"@context":"https:\/\/schema.org","@graph":[{"@type":"Article","@id":"https:\/\/www.nautilusdragados.com\/fr\/nautilus-dragados-participe-au-petit-dejeuner-bleu-perspectives-davenir-a-seville\/#article","isPartOf":{"@id":"https:\/\/www.nautilusdragados.com\/fr\/nautilus-dragados-participe-au-petit-dejeuner-bleu-perspectives-davenir-a-seville\/"},"author":{"name":"admin","@id":"https:\/\/www.nautilusdragados.com\/fr\/#\/schema\/person\/a7320e568496fcef6ae2fbdd392893fb"},"headline":"Nautilus Dragados participe au \u00ab Petit-d\u00e9jeuner bleu : Perspectives d&rsquo;avenir \u00bb \u00e0 S\u00e9ville","datePublished":"2026-03-06T11:47:20+00:00","dateModified":"2026-03-06T12:31:16+00:00","mainEntityOfPage":{"@id":"https:\/\/www.nautilusdragados.com\/fr\/nautilus-dragados-participe-au-petit-dejeuner-bleu-perspectives-davenir-a-seville\/"},"wordCount":753,"publisher":{"@id":"https:\/\/www.nautilusdragados.com\/fr\/#organization"},"image":{"@id":"https:\/\/www.nautilusdragados.com\/fr\/nautilus-dragados-participe-au-petit-dejeuner-bleu-perspectives-davenir-a-seville\/#primaryimage"},"thumbnailUrl":"https:\/\/www.nautilusdragados.com\/wp-content\/uploads\/2026\/03\/desayuno-azul-presencia.jpg","articleSection":["Non classifi\u00e9(e)"],"inLanguage":"fr-FR"},{"@type":"WebPage","@id":"https:\/\/www.nautilusdragados.com\/fr\/nautilus-dragados-participe-au-petit-dejeuner-bleu-perspectives-davenir-a-seville\/","url":"https:\/\/www.nautilusdragados.com\/fr\/nautilus-dragados-participe-au-petit-dejeuner-bleu-perspectives-davenir-a-seville\/","name":"Nautilus Dragados participe au \u00ab Petit-d\u00e9jeuner bleu : Perspectives d'avenir \u00bb \u00e0 S\u00e9ville - Nautilus Dragados","isPartOf":{"@id":"https:\/\/www.nautilusdragados.com\/fr\/#website"},"primaryImageOfPage":{"@id":"https:\/\/www.nautilusdragados.com\/fr\/nautilus-dragados-participe-au-petit-dejeuner-bleu-perspectives-davenir-a-seville\/#primaryimage"},"image":{"@id":"https:\/\/www.nautilusdragados.com\/fr\/nautilus-dragados-participe-au-petit-dejeuner-bleu-perspectives-davenir-a-seville\/#primaryimage"},"thumbnailUrl":"https:\/\/www.nautilusdragados.com\/wp-content\/uploads\/2026\/03\/desayuno-azul-presencia.jpg","datePublished":"2026-03-06T11:47:20+00:00","dateModified":"2026-03-06T12:31:16+00:00","breadcrumb":{"@id":"https:\/\/www.nautilusdragados.com\/fr\/nautilus-dragados-participe-au-petit-dejeuner-bleu-perspectives-davenir-a-seville\/#breadcrumb"},"inLanguage":"fr-FR","potentialAction":[{"@type":"ReadAction","target":["https:\/\/www.nautilusdragados.com\/fr\/nautilus-dragados-participe-au-petit-dejeuner-bleu-perspectives-davenir-a-seville\/"]}]},{"@type":"ImageObject","inLanguage":"fr-FR","@id":"https:\/\/www.nautilusdragados.com\/fr\/nautilus-dragados-participe-au-petit-dejeuner-bleu-perspectives-davenir-a-seville\/#primaryimage","url":"https:\/\/www.nautilusdragados.com\/wp-content\/uploads\/2026\/03\/desayuno-azul-presencia.jpg","contentUrl":"https:\/\/www.nautilusdragados.com\/wp-content\/uploads\/2026\/03\/desayuno-azul-presencia.jpg","width":1200,"height":800,"caption":"Desayuno Azul"},{"@type":"BreadcrumbList","@id":"https:\/\/www.nautilusdragados.com\/fr\/nautilus-dragados-participe-au-petit-dejeuner-bleu-perspectives-davenir-a-seville\/#breadcrumb","itemListElement":[{"@type":"ListItem","position":1,"name":"Portada","item":"https:\/\/www.nautilusdragados.com\/fr\/"},{"@type":"ListItem","position":2,"name":"Nautilus Dragados participe au \u00ab Petit-d\u00e9jeuner bleu : Perspectives d&rsquo;avenir \u00bb \u00e0 S\u00e9ville"}]},{"@type":"WebSite","@id":"https:\/\/www.nautilusdragados.com\/fr\/#website","url":"https:\/\/www.nautilusdragados.com\/fr\/","name":"Dragados Nautilus","description":"Retos medioambientales marinos","publisher":{"@id":"https:\/\/www.nautilusdragados.com\/fr\/#organization"},"potentialAction":[{"@type":"SearchAction","target":{"@type":"EntryPoint","urlTemplate":"https:\/\/www.nautilusdragados.com\/fr\/?s={search_term_string}"},"query-input":{"@type":"PropertyValueSpecification","valueRequired":true,"valueName":"search_term_string"}}],"inLanguage":"fr-FR"},{"@type":"Organization","@id":"https:\/\/www.nautilusdragados.com\/fr\/#organization","name":"Dragados Nautilus","url":"https:\/\/www.nautilusdragados.com\/fr\/","logo":{"@type":"ImageObject","inLanguage":"fr-FR","@id":"https:\/\/www.nautilusdragados.com\/fr\/#\/schema\/logo\/image\/","url":"https:\/\/www.nautilusdragados.com\/wp-content\/uploads\/2024\/09\/logo-nautilus.png","contentUrl":"https:\/\/www.nautilusdragados.com\/wp-content\/uploads\/2024\/09\/logo-nautilus.png","width":482,"height":115,"caption":"Dragados Nautilus"},"image":{"@id":"https:\/\/www.nautilusdragados.com\/fr\/#\/schema\/logo\/image\/"}},{"@type":"Person","@id":"https:\/\/www.nautilusdragados.com\/fr\/#\/schema\/person\/a7320e568496fcef6ae2fbdd392893fb","name":"admin","image":{"@type":"ImageObject","inLanguage":"fr-FR","@id":"https:\/\/secure.gravatar.com\/avatar\/8d6dcab9ee12841d4b3c71b7639455bb04683d31fd41ad66ec3164209d3e2a0b?s=96&d=mm&r=g","url":"https:\/\/secure.gravatar.com\/avatar\/8d6dcab9ee12841d4b3c71b7639455bb04683d31fd41ad66ec3164209d3e2a0b?s=96&d=mm&r=g","contentUrl":"https:\/\/secure.gravatar.com\/avatar\/8d6dcab9ee12841d4b3c71b7639455bb04683d31fd41ad66ec3164209d3e2a0b?s=96&d=mm&r=g","caption":"admin"},"sameAs":["https:\/\/www.nautilusdragados.com"],"url":"https:\/\/www.nautilusdragados.com\/fr\/author\/admin\/"}]}},"_links":{"self":[{"href":"https:\/\/www.nautilusdragados.com\/fr\/wp-json\/wp\/v2\/posts\/2798","targetHints":{"allow":["GET"]}}],"collection":[{"href":"https:\/\/www.nautilusdragados.com\/fr\/wp-json\/wp\/v2\/posts"}],"about":[{"href":"https:\/\/www.nautilusdragados.com\/fr\/wp-json\/wp\/v2\/types\/post"}],"author":[{"embeddable":true,"href":"https:\/\/www.nautilusdragados.com\/fr\/wp-json\/wp\/v2\/users\/1"}],"replies":[{"embeddable":true,"href":"https:\/\/www.nautilusdragados.com\/fr\/wp-json\/wp\/v2\/comments?post=2798"}],"version-history":[{"count":4,"href":"https:\/\/www.nautilusdragados.com\/fr\/wp-json\/wp\/v2\/posts\/2798\/revisions"}],"predecessor-version":[{"id":2809,"href":"https:\/\/www.nautilusdragados.com\/fr\/wp-json\/wp\/v2\/posts\/2798\/revisions\/2809"}],"wp:featuredmedia":[{"embeddable":true,"href":"https:\/\/www.nautilusdragados.com\/fr\/wp-json\/wp\/v2\/media\/2792"}],"wp:attachment":[{"href":"https:\/\/www.nautilusdragados.com\/fr\/wp-json\/wp\/v2\/media?parent=2798"}],"wp:term":[{"taxonomy":"category","embeddable":true,"href":"https:\/\/www.nautilusdragados.com\/fr\/wp-json\/wp\/v2\/categories?post=2798"},{"taxonomy":"post_tag","embeddable":true,"href":"https:\/\/www.nautilusdragados.com\/fr\/wp-json\/wp\/v2\/tags?post=2798"}],"curies":[{"name":"wp","href":"https:\/\/api.w.org\/{rel}","templated":true}]}}