{"id":2828,"date":"2026-03-06T12:46:41","date_gmt":"2026-03-06T12:46:41","guid":{"rendered":"https:\/\/www.nautilusdragados.com\/nautilus-dragados-assiste-a-la-presentation-de-laccelerateur-blue-core-4-0-pour-leconomie-bleue-a-malaga\/"},"modified":"2026-03-09T06:47:26","modified_gmt":"2026-03-09T06:47:26","slug":"nautilus-dragados-assiste-a-la-presentation-de-laccelerateur-blue-core-4-0-pour-leconomie-bleue-a-malaga","status":"publish","type":"post","link":"https:\/\/www.nautilusdragados.com\/fr\/nautilus-dragados-assiste-a-la-presentation-de-laccelerateur-blue-core-4-0-pour-leconomie-bleue-a-malaga\/","title":{"rendered":"Nautilus Dragados assiste \u00e0 la pr\u00e9sentation de l&rsquo;acc\u00e9l\u00e9rateur Blue Core 4.0 pour l&rsquo;\u00e9conomie bleue \u00e0 Malaga"},"content":{"rendered":"<p>[et_pb_section fb_built=\u00a0\u00bb1&Prime; _builder_version=\u00a0\u00bb4.27.5&Prime; _module_preset=\u00a0\u00bbdefault\u00a0\u00bb global_colors_info=\u00a0\u00bb{}\u00a0\u00bb theme_builder_area=\u00a0\u00bbpost_content\u00a0\u00bb][et_pb_row _builder_version=\u00a0\u00bb4.27.5&Prime; _module_preset=\u00a0\u00bbdefault\u00a0\u00bb theme_builder_area=\u00a0\u00bbpost_content\u00a0\u00bb][et_pb_column _builder_version=\u00a0\u00bb4.27.5&Prime; _module_preset=\u00a0\u00bbdefault\u00a0\u00bb type=\u00a0\u00bb4_4&Prime; theme_builder_area=\u00a0\u00bbpost_content\u00a0\u00bb][et_pb_text _builder_version=\u00a0\u00bb4.27.5&Prime; _module_preset=\u00a0\u00bbdefault\u00a0\u00bb theme_builder_area=\u00a0\u00bbpost_content\u00a0\u00bb hover_enabled=\u00a0\u00bb0&Prime; sticky_enabled=\u00a0\u00bb0&Prime;]<\/p>\n<p>Jeudi dernier, le 5 mars, l&rsquo;\u00e9quipe Nautilus Dragados a assist\u00e9 \u00e0 la pr\u00e9sentation de l&rsquo;acc\u00e9l\u00e9rateur 4.09 du projet Blue Core, qui s&rsquo;est tenue \u00e0 la Chambre de Commerce de Malaga.<\/p>\n<p>Cet \u00e9v\u00e9nement s&rsquo;inscrit dans le cadre de la tourn\u00e9e de pr\u00e9sentation de la zone franche de Cadix visant \u00e0 faire conna\u00eetre Blue Core, une initiative strat\u00e9gique destin\u00e9e \u00e0 dynamiser l&rsquo;\u00e9conomie bleue, \u00e0 promouvoir l&rsquo;innovation et \u00e0 soutenir la croissance des entreprises li\u00e9es au milieu maritime et c\u00f4tier.<\/p>\n<p>Lors de cet \u00e9v\u00e9nement, les objectifs du programme et les opportunit\u00e9s qu&rsquo;il offre aux entreprises, aux startups et aux projets technologiques li\u00e9s \u00e0 des secteurs tels que le transport maritime, la logistique portuaire, la biotechnologie marine, l&rsquo;aquaculture et les \u00e9nergies renouvelables li\u00e9es \u00e0 la mer ont \u00e9t\u00e9 pr\u00e9sent\u00e9s.<\/p>\n<p>[\/et_pb_text][\/et_pb_column][\/et_pb_row][et_pb_row _builder_version=\u00a0\u00bb4.27.5&Prime; _module_preset=\u00a0\u00bbdefault\u00a0\u00bb hover_enabled=\u00a0\u00bb0&Prime; global_colors_info=\u00a0\u00bb{}\u00a0\u00bb column_structure=\u00a0\u00bb1_2,1_2&Prime; theme_builder_area=\u00a0\u00bbpost_content\u00a0\u00bb sticky_enabled=\u00a0\u00bb0&Prime;][et_pb_column type=\u00a0\u00bb1_2&Prime; _builder_version=\u00a0\u00bb4.27.5&Prime; _module_preset=\u00a0\u00bbdefault\u00a0\u00bb global_colors_info=\u00a0\u00bb{}\u00a0\u00bb theme_builder_area=\u00a0\u00bbpost_content\u00a0\u00bb][et_pb_text _builder_version=\u00a0\u00bb4.27.5&Prime; _module_preset=\u00a0\u00bbdefault\u00a0\u00bb hover_enabled=\u00a0\u00bb0&Prime; global_colors_info=\u00a0\u00bb{}\u00a0\u00bb theme_builder_area=\u00a0\u00bbpost_content\u00a0\u00bb sticky_enabled=\u00a0\u00bb0&Prime;]<\/p>\n<p>Le projet Blue Core, promu par la Zone franche de Cadix, est financ\u00e9 par le Fonds europ\u00e9en de d\u00e9veloppement r\u00e9gional (FEDER) et fait partie du programme d&rsquo;incubateurs de haute technologie, dans le but de renforcer la comp\u00e9titivit\u00e9 du tissu \u00e9conomique et de promouvoir la transformation num\u00e9rique et innovante du secteur maritime.<\/p>\n<p>Outre son acc\u00e9l\u00e9rateur d&rsquo;entreprises, l&rsquo;\u00e9cosyst\u00e8me Blue Core comprend des outils pour soutenir l&rsquo;internationalisation, l&rsquo;acc\u00e8s au financement et des services sp\u00e9cialis\u00e9s pour am\u00e9liorer la comp\u00e9titivit\u00e9 des entreprises li\u00e9es \u00e0 l&rsquo;\u00e9conomie bleue.<\/p>\n<p>La participation de Nautilus Dragados \u00e0 ce type d&rsquo;\u00e9v\u00e9nements renforce son engagement en faveur de l&rsquo;innovation, du d\u00e9veloppement durable et de la mise au point de solutions de pointe dans le secteur maritime et c\u00f4tier, ainsi que de la collaboration entre les entreprises, les institutions et les organisations qui \u0153uvrent pour la croissance de l&rsquo;\u00e9conomie bleue en Espagne.<\/p>\n<p>[\/et_pb_text][\/et_pb_column][et_pb_column type=\u00a0\u00bb1_2&Prime; _builder_version=\u00a0\u00bb4.27.5&Prime; _module_preset=\u00a0\u00bbdefault\u00a0\u00bb global_colors_info=\u00a0\u00bb{}\u00a0\u00bb theme_builder_area=\u00a0\u00bbpost_content\u00a0\u00bb][et_pb_image src=\u00a0\u00bbhttps:\/\/www.nautilusdragados.com\/wp-content\/uploads\/2026\/03\/fran-blue-core.jpg\u00a0\u00bb _builder_version=\u00a0\u00bb4.27.5&Prime; _module_preset=\u00a0\u00bbdefault\u00a0\u00bb theme_builder_area=\u00a0\u00bbpost_content\u00a0\u00bb alt=\u00a0\u00bbFran Manen chez Blue Core\u00a0\u00bb title_text=\u00a0\u00bbFran Manen chez Blue Core\u00a0\u00bb hover_enabled=\u00a0\u00bb0&Prime; sticky_enabled=\u00a0\u00bb0&Prime;][\/et_pb_image][\/et_pb_column][\/et_pb_row][\/et_pb_section]<\/p>\n","protected":false},"excerpt":{"rendered":"<p>Jeudi dernier, le 5 mars, l&rsquo;\u00e9quipe Nautilus Dragados a assist\u00e9 \u00e0 la pr\u00e9sentation de l&rsquo;acc\u00e9l\u00e9rateur 4.09 du projet Blue Core, qui s&rsquo;est tenue \u00e0 la Chambre de Commerce de Malaga. Cet \u00e9v\u00e9nement s&rsquo;inscrit dans le cadre de la tourn\u00e9e de pr\u00e9sentation de la zone franche de Cadix visant \u00e0 faire conna\u00eetre Blue Core, une initiative strat\u00e9gique destin\u00e9e \u00e0 dynamiser l&rsquo;\u00e9conomie bleue, \u00e0 promouvoir l&rsquo;innovation et \u00e0 soutenir la croissance des entreprises li\u00e9es au milieu maritime et c\u00f4tier. Lors de cet \u00e9v\u00e9nement, les objectifs du programme et les opportunit\u00e9s qu&rsquo;il offre aux entreprises, aux startups et aux projets technologiques li\u00e9s \u00e0 des secteurs tels que le transport maritime, la logistique portuaire, la biotechnologie marine, l&rsquo;aquaculture et les \u00e9nergies renouvelables li\u00e9es \u00e0 la mer ont \u00e9t\u00e9 pr\u00e9sent\u00e9s.Le projet Blue Core, promu par la Zone franche de Cadix, est financ\u00e9 par le Fonds europ\u00e9en de d\u00e9veloppement r\u00e9gional (FEDER) et fait partie du programme d&rsquo;incubateurs de haute technologie, dans le but de renforcer la comp\u00e9titivit\u00e9 du tissu \u00e9conomique et de promouvoir la transformation num\u00e9rique et innovante du secteur maritime. Outre son acc\u00e9l\u00e9rateur d&rsquo;entreprises, l&rsquo;\u00e9cosyst\u00e8me Blue Core comprend des outils pour soutenir l&rsquo;internationalisation, l&rsquo;acc\u00e8s au financement et des services sp\u00e9cialis\u00e9s pour am\u00e9liorer la comp\u00e9titivit\u00e9 des [&hellip;]<\/p>\n","protected":false},"author":1,"featured_media":2816,"comment_status":"closed","ping_status":"closed","sticky":false,"template":"","format":"standard","meta":{"_et_pb_use_builder":"on","_et_pb_old_content":"","_et_gb_content_width":"","footnotes":""},"categories":[12],"tags":[],"class_list":["post-2828","post","type-post","status-publish","format-standard","has-post-thumbnail","hentry","category-non-classifiee"],"yoast_head":"<!-- This site is optimized with the Yoast SEO plugin v27.5 - https:\/\/yoast.com\/product\/yoast-seo-wordpress\/ -->\n<title>Nautilus Dragados assiste \u00e0 la pr\u00e9sentation de l&#039;acc\u00e9l\u00e9rateur Blue Core 4.0 pour l&#039;\u00e9conomie bleue \u00e0 Malaga - Nautilus Dragados<\/title>\n<meta name=\"robots\" content=\"index, follow, max-snippet:-1, max-image-preview:large, max-video-preview:-1\" \/>\n<link rel=\"canonical\" href=\"https:\/\/www.nautilusdragados.com\/fr\/nautilus-dragados-assiste-a-la-presentation-de-laccelerateur-blue-core-4-0-pour-leconomie-bleue-a-malaga\/\" \/>\n<meta property=\"og:locale\" content=\"fr_FR\" \/>\n<meta property=\"og:type\" content=\"article\" \/>\n<meta property=\"og:title\" content=\"Nautilus Dragados assiste \u00e0 la pr\u00e9sentation de l&#039;acc\u00e9l\u00e9rateur Blue Core 4.0 pour l&#039;\u00e9conomie bleue \u00e0 Malaga - Nautilus Dragados\" \/>\n<meta property=\"og:description\" content=\"Jeudi dernier, le 5 mars, l&#039;\u00e9quipe Nautilus Dragados a assist\u00e9 \u00e0 la pr\u00e9sentation de l&#039;acc\u00e9l\u00e9rateur 4.09 du projet Blue Core, qui s&#039;est tenue \u00e0 la Chambre de Commerce de Malaga. Cet \u00e9v\u00e9nement s&#039;inscrit dans le cadre de la tourn\u00e9e de pr\u00e9sentation de la zone franche de Cadix visant \u00e0 faire conna\u00eetre Blue Core, une initiative strat\u00e9gique destin\u00e9e \u00e0 dynamiser l&#039;\u00e9conomie bleue, \u00e0 promouvoir l&#039;innovation et \u00e0 soutenir la croissance des entreprises li\u00e9es au milieu maritime et c\u00f4tier. Lors de cet \u00e9v\u00e9nement, les objectifs du programme et les opportunit\u00e9s qu&#039;il offre aux entreprises, aux startups et aux projets technologiques li\u00e9s \u00e0 des secteurs tels que le transport maritime, la logistique portuaire, la biotechnologie marine, l&#039;aquaculture et les \u00e9nergies renouvelables li\u00e9es \u00e0 la mer ont \u00e9t\u00e9 pr\u00e9sent\u00e9s.Le projet Blue Core, promu par la Zone franche de Cadix, est financ\u00e9 par le Fonds europ\u00e9en de d\u00e9veloppement r\u00e9gional (FEDER) et fait partie du programme d&#039;incubateurs de haute technologie, dans le but de renforcer la comp\u00e9titivit\u00e9 du tissu \u00e9conomique et de promouvoir la transformation num\u00e9rique et innovante du secteur maritime. Outre son acc\u00e9l\u00e9rateur d&#039;entreprises, l&#039;\u00e9cosyst\u00e8me Blue Core comprend des outils pour soutenir l&#039;internationalisation, l&#039;acc\u00e8s au financement et des services sp\u00e9cialis\u00e9s pour am\u00e9liorer la comp\u00e9titivit\u00e9 des [&hellip;]\" \/>\n<meta property=\"og:url\" content=\"https:\/\/www.nautilusdragados.com\/fr\/nautilus-dragados-assiste-a-la-presentation-de-laccelerateur-blue-core-4-0-pour-leconomie-bleue-a-malaga\/\" \/>\n<meta property=\"og:site_name\" content=\"Nautilus Dragados\" \/>\n<meta property=\"article:published_time\" content=\"2026-03-06T12:46:41+00:00\" \/>\n<meta property=\"article:modified_time\" content=\"2026-03-09T06:47:26+00:00\" \/>\n<meta property=\"og:image\" content=\"https:\/\/www.nautilusdragados.com\/wp-content\/uploads\/2026\/03\/blue-core.jpg\" \/>\n\t<meta property=\"og:image:width\" content=\"1200\" \/>\n\t<meta property=\"og:image:height\" content=\"800\" \/>\n\t<meta property=\"og:image:type\" content=\"image\/jpeg\" \/>\n<meta name=\"author\" content=\"admin\" \/>\n<meta name=\"twitter:card\" content=\"summary_large_image\" \/>\n<meta name=\"twitter:label1\" content=\"\u00c9crit par\" \/>\n\t<meta name=\"twitter:data1\" content=\"admin\" \/>\n\t<meta name=\"twitter:label2\" content=\"Dur\u00e9e de lecture estim\u00e9e\" \/>\n\t<meta name=\"twitter:data2\" content=\"2 minutes\" \/>\n<script type=\"application\/ld+json\" class=\"yoast-schema-graph\">{\"@context\":\"https:\\\/\\\/schema.org\",\"@graph\":[{\"@type\":\"Article\",\"@id\":\"https:\\\/\\\/www.nautilusdragados.com\\\/fr\\\/nautilus-dragados-assiste-a-la-presentation-de-laccelerateur-blue-core-4-0-pour-leconomie-bleue-a-malaga\\\/#article\",\"isPartOf\":{\"@id\":\"https:\\\/\\\/www.nautilusdragados.com\\\/fr\\\/nautilus-dragados-assiste-a-la-presentation-de-laccelerateur-blue-core-4-0-pour-leconomie-bleue-a-malaga\\\/\"},\"author\":{\"name\":\"admin\",\"@id\":\"https:\\\/\\\/www.nautilusdragados.com\\\/fr\\\/#\\\/schema\\\/person\\\/a7320e568496fcef6ae2fbdd392893fb\"},\"headline\":\"Nautilus Dragados assiste \u00e0 la pr\u00e9sentation de l&rsquo;acc\u00e9l\u00e9rateur Blue Core 4.0 pour l&rsquo;\u00e9conomie bleue \u00e0 Malaga\",\"datePublished\":\"2026-03-06T12:46:41+00:00\",\"dateModified\":\"2026-03-09T06:47:26+00:00\",\"mainEntityOfPage\":{\"@id\":\"https:\\\/\\\/www.nautilusdragados.com\\\/fr\\\/nautilus-dragados-assiste-a-la-presentation-de-laccelerateur-blue-core-4-0-pour-leconomie-bleue-a-malaga\\\/\"},\"wordCount\":525,\"publisher\":{\"@id\":\"https:\\\/\\\/www.nautilusdragados.com\\\/fr\\\/#organization\"},\"image\":{\"@id\":\"https:\\\/\\\/www.nautilusdragados.com\\\/fr\\\/nautilus-dragados-assiste-a-la-presentation-de-laccelerateur-blue-core-4-0-pour-leconomie-bleue-a-malaga\\\/#primaryimage\"},\"thumbnailUrl\":\"https:\\\/\\\/www.nautilusdragados.com\\\/wp-content\\\/uploads\\\/2026\\\/03\\\/blue-core.jpg\",\"articleSection\":[\"Non classifi\u00e9(e)\"],\"inLanguage\":\"fr-FR\"},{\"@type\":\"WebPage\",\"@id\":\"https:\\\/\\\/www.nautilusdragados.com\\\/fr\\\/nautilus-dragados-assiste-a-la-presentation-de-laccelerateur-blue-core-4-0-pour-leconomie-bleue-a-malaga\\\/\",\"url\":\"https:\\\/\\\/www.nautilusdragados.com\\\/fr\\\/nautilus-dragados-assiste-a-la-presentation-de-laccelerateur-blue-core-4-0-pour-leconomie-bleue-a-malaga\\\/\",\"name\":\"Nautilus Dragados assiste \u00e0 la pr\u00e9sentation de l'acc\u00e9l\u00e9rateur Blue Core 4.0 pour l'\u00e9conomie bleue \u00e0 Malaga - Nautilus Dragados\",\"isPartOf\":{\"@id\":\"https:\\\/\\\/www.nautilusdragados.com\\\/fr\\\/#website\"},\"primaryImageOfPage\":{\"@id\":\"https:\\\/\\\/www.nautilusdragados.com\\\/fr\\\/nautilus-dragados-assiste-a-la-presentation-de-laccelerateur-blue-core-4-0-pour-leconomie-bleue-a-malaga\\\/#primaryimage\"},\"image\":{\"@id\":\"https:\\\/\\\/www.nautilusdragados.com\\\/fr\\\/nautilus-dragados-assiste-a-la-presentation-de-laccelerateur-blue-core-4-0-pour-leconomie-bleue-a-malaga\\\/#primaryimage\"},\"thumbnailUrl\":\"https:\\\/\\\/www.nautilusdragados.com\\\/wp-content\\\/uploads\\\/2026\\\/03\\\/blue-core.jpg\",\"datePublished\":\"2026-03-06T12:46:41+00:00\",\"dateModified\":\"2026-03-09T06:47:26+00:00\",\"breadcrumb\":{\"@id\":\"https:\\\/\\\/www.nautilusdragados.com\\\/fr\\\/nautilus-dragados-assiste-a-la-presentation-de-laccelerateur-blue-core-4-0-pour-leconomie-bleue-a-malaga\\\/#breadcrumb\"},\"inLanguage\":\"fr-FR\",\"potentialAction\":[{\"@type\":\"ReadAction\",\"target\":[\"https:\\\/\\\/www.nautilusdragados.com\\\/fr\\\/nautilus-dragados-assiste-a-la-presentation-de-laccelerateur-blue-core-4-0-pour-leconomie-bleue-a-malaga\\\/\"]}]},{\"@type\":\"ImageObject\",\"inLanguage\":\"fr-FR\",\"@id\":\"https:\\\/\\\/www.nautilusdragados.com\\\/fr\\\/nautilus-dragados-assiste-a-la-presentation-de-laccelerateur-blue-core-4-0-pour-leconomie-bleue-a-malaga\\\/#primaryimage\",\"url\":\"https:\\\/\\\/www.nautilusdragados.com\\\/wp-content\\\/uploads\\\/2026\\\/03\\\/blue-core.jpg\",\"contentUrl\":\"https:\\\/\\\/www.nautilusdragados.com\\\/wp-content\\\/uploads\\\/2026\\\/03\\\/blue-core.jpg\",\"width\":1200,\"height\":800,\"caption\":\"Blue Core\"},{\"@type\":\"BreadcrumbList\",\"@id\":\"https:\\\/\\\/www.nautilusdragados.com\\\/fr\\\/nautilus-dragados-assiste-a-la-presentation-de-laccelerateur-blue-core-4-0-pour-leconomie-bleue-a-malaga\\\/#breadcrumb\",\"itemListElement\":[{\"@type\":\"ListItem\",\"position\":1,\"name\":\"Portada\",\"item\":\"https:\\\/\\\/www.nautilusdragados.com\\\/fr\\\/\"},{\"@type\":\"ListItem\",\"position\":2,\"name\":\"Nautilus Dragados assiste \u00e0 la pr\u00e9sentation de l&rsquo;acc\u00e9l\u00e9rateur Blue Core 4.0 pour l&rsquo;\u00e9conomie bleue \u00e0 Malaga\"}]},{\"@type\":\"WebSite\",\"@id\":\"https:\\\/\\\/www.nautilusdragados.com\\\/fr\\\/#website\",\"url\":\"https:\\\/\\\/www.nautilusdragados.com\\\/fr\\\/\",\"name\":\"Dragados Nautilus\",\"description\":\"Retos medioambientales marinos\",\"publisher\":{\"@id\":\"https:\\\/\\\/www.nautilusdragados.com\\\/fr\\\/#organization\"},\"potentialAction\":[{\"@type\":\"SearchAction\",\"target\":{\"@type\":\"EntryPoint\",\"urlTemplate\":\"https:\\\/\\\/www.nautilusdragados.com\\\/fr\\\/?s={search_term_string}\"},\"query-input\":{\"@type\":\"PropertyValueSpecification\",\"valueRequired\":true,\"valueName\":\"search_term_string\"}}],\"inLanguage\":\"fr-FR\"},{\"@type\":\"Organization\",\"@id\":\"https:\\\/\\\/www.nautilusdragados.com\\\/fr\\\/#organization\",\"name\":\"Dragados Nautilus\",\"url\":\"https:\\\/\\\/www.nautilusdragados.com\\\/fr\\\/\",\"logo\":{\"@type\":\"ImageObject\",\"inLanguage\":\"fr-FR\",\"@id\":\"https:\\\/\\\/www.nautilusdragados.com\\\/fr\\\/#\\\/schema\\\/logo\\\/image\\\/\",\"url\":\"https:\\\/\\\/www.nautilusdragados.com\\\/wp-content\\\/uploads\\\/2024\\\/09\\\/logo-nautilus.png\",\"contentUrl\":\"https:\\\/\\\/www.nautilusdragados.com\\\/wp-content\\\/uploads\\\/2024\\\/09\\\/logo-nautilus.png\",\"width\":482,\"height\":115,\"caption\":\"Dragados Nautilus\"},\"image\":{\"@id\":\"https:\\\/\\\/www.nautilusdragados.com\\\/fr\\\/#\\\/schema\\\/logo\\\/image\\\/\"}},{\"@type\":\"Person\",\"@id\":\"https:\\\/\\\/www.nautilusdragados.com\\\/fr\\\/#\\\/schema\\\/person\\\/a7320e568496fcef6ae2fbdd392893fb\",\"name\":\"admin\",\"image\":{\"@type\":\"ImageObject\",\"inLanguage\":\"fr-FR\",\"@id\":\"https:\\\/\\\/secure.gravatar.com\\\/avatar\\\/8d6dcab9ee12841d4b3c71b7639455bb04683d31fd41ad66ec3164209d3e2a0b?s=96&d=mm&r=g\",\"url\":\"https:\\\/\\\/secure.gravatar.com\\\/avatar\\\/8d6dcab9ee12841d4b3c71b7639455bb04683d31fd41ad66ec3164209d3e2a0b?s=96&d=mm&r=g\",\"contentUrl\":\"https:\\\/\\\/secure.gravatar.com\\\/avatar\\\/8d6dcab9ee12841d4b3c71b7639455bb04683d31fd41ad66ec3164209d3e2a0b?s=96&d=mm&r=g\",\"caption\":\"admin\"},\"sameAs\":[\"https:\\\/\\\/www.nautilusdragados.com\"],\"url\":\"https:\\\/\\\/www.nautilusdragados.com\\\/fr\\\/author\\\/admin\\\/\"}]}<\/script>\n<!-- \/ Yoast SEO plugin. -->","yoast_head_json":{"title":"Nautilus Dragados assiste \u00e0 la pr\u00e9sentation de l'acc\u00e9l\u00e9rateur Blue Core 4.0 pour l'\u00e9conomie bleue \u00e0 Malaga - Nautilus Dragados","robots":{"index":"index","follow":"follow","max-snippet":"max-snippet:-1","max-image-preview":"max-image-preview:large","max-video-preview":"max-video-preview:-1"},"canonical":"https:\/\/www.nautilusdragados.com\/fr\/nautilus-dragados-assiste-a-la-presentation-de-laccelerateur-blue-core-4-0-pour-leconomie-bleue-a-malaga\/","og_locale":"fr_FR","og_type":"article","og_title":"Nautilus Dragados assiste \u00e0 la pr\u00e9sentation de l'acc\u00e9l\u00e9rateur Blue Core 4.0 pour l'\u00e9conomie bleue \u00e0 Malaga - Nautilus Dragados","og_description":"Jeudi dernier, le 5 mars, l'\u00e9quipe Nautilus Dragados a assist\u00e9 \u00e0 la pr\u00e9sentation de l'acc\u00e9l\u00e9rateur 4.09 du projet Blue Core, qui s'est tenue \u00e0 la Chambre de Commerce de Malaga. Cet \u00e9v\u00e9nement s'inscrit dans le cadre de la tourn\u00e9e de pr\u00e9sentation de la zone franche de Cadix visant \u00e0 faire conna\u00eetre Blue Core, une initiative strat\u00e9gique destin\u00e9e \u00e0 dynamiser l'\u00e9conomie bleue, \u00e0 promouvoir l'innovation et \u00e0 soutenir la croissance des entreprises li\u00e9es au milieu maritime et c\u00f4tier. Lors de cet \u00e9v\u00e9nement, les objectifs du programme et les opportunit\u00e9s qu'il offre aux entreprises, aux startups et aux projets technologiques li\u00e9s \u00e0 des secteurs tels que le transport maritime, la logistique portuaire, la biotechnologie marine, l'aquaculture et les \u00e9nergies renouvelables li\u00e9es \u00e0 la mer ont \u00e9t\u00e9 pr\u00e9sent\u00e9s.Le projet Blue Core, promu par la Zone franche de Cadix, est financ\u00e9 par le Fonds europ\u00e9en de d\u00e9veloppement r\u00e9gional (FEDER) et fait partie du programme d'incubateurs de haute technologie, dans le but de renforcer la comp\u00e9titivit\u00e9 du tissu \u00e9conomique et de promouvoir la transformation num\u00e9rique et innovante du secteur maritime. Outre son acc\u00e9l\u00e9rateur d'entreprises, l'\u00e9cosyst\u00e8me Blue Core comprend des outils pour soutenir l'internationalisation, l'acc\u00e8s au financement et des services sp\u00e9cialis\u00e9s pour am\u00e9liorer la comp\u00e9titivit\u00e9 des [&hellip;]","og_url":"https:\/\/www.nautilusdragados.com\/fr\/nautilus-dragados-assiste-a-la-presentation-de-laccelerateur-blue-core-4-0-pour-leconomie-bleue-a-malaga\/","og_site_name":"Nautilus Dragados","article_published_time":"2026-03-06T12:46:41+00:00","article_modified_time":"2026-03-09T06:47:26+00:00","og_image":[{"width":1200,"height":800,"url":"https:\/\/www.nautilusdragados.com\/wp-content\/uploads\/2026\/03\/blue-core.jpg","type":"image\/jpeg"}],"author":"admin","twitter_card":"summary_large_image","twitter_misc":{"\u00c9crit par":"admin","Dur\u00e9e de lecture estim\u00e9e":"2 minutes"},"schema":{"@context":"https:\/\/schema.org","@graph":[{"@type":"Article","@id":"https:\/\/www.nautilusdragados.com\/fr\/nautilus-dragados-assiste-a-la-presentation-de-laccelerateur-blue-core-4-0-pour-leconomie-bleue-a-malaga\/#article","isPartOf":{"@id":"https:\/\/www.nautilusdragados.com\/fr\/nautilus-dragados-assiste-a-la-presentation-de-laccelerateur-blue-core-4-0-pour-leconomie-bleue-a-malaga\/"},"author":{"name":"admin","@id":"https:\/\/www.nautilusdragados.com\/fr\/#\/schema\/person\/a7320e568496fcef6ae2fbdd392893fb"},"headline":"Nautilus Dragados assiste \u00e0 la pr\u00e9sentation de l&rsquo;acc\u00e9l\u00e9rateur Blue Core 4.0 pour l&rsquo;\u00e9conomie bleue \u00e0 Malaga","datePublished":"2026-03-06T12:46:41+00:00","dateModified":"2026-03-09T06:47:26+00:00","mainEntityOfPage":{"@id":"https:\/\/www.nautilusdragados.com\/fr\/nautilus-dragados-assiste-a-la-presentation-de-laccelerateur-blue-core-4-0-pour-leconomie-bleue-a-malaga\/"},"wordCount":525,"publisher":{"@id":"https:\/\/www.nautilusdragados.com\/fr\/#organization"},"image":{"@id":"https:\/\/www.nautilusdragados.com\/fr\/nautilus-dragados-assiste-a-la-presentation-de-laccelerateur-blue-core-4-0-pour-leconomie-bleue-a-malaga\/#primaryimage"},"thumbnailUrl":"https:\/\/www.nautilusdragados.com\/wp-content\/uploads\/2026\/03\/blue-core.jpg","articleSection":["Non classifi\u00e9(e)"],"inLanguage":"fr-FR"},{"@type":"WebPage","@id":"https:\/\/www.nautilusdragados.com\/fr\/nautilus-dragados-assiste-a-la-presentation-de-laccelerateur-blue-core-4-0-pour-leconomie-bleue-a-malaga\/","url":"https:\/\/www.nautilusdragados.com\/fr\/nautilus-dragados-assiste-a-la-presentation-de-laccelerateur-blue-core-4-0-pour-leconomie-bleue-a-malaga\/","name":"Nautilus Dragados assiste \u00e0 la pr\u00e9sentation de l'acc\u00e9l\u00e9rateur Blue Core 4.0 pour l'\u00e9conomie bleue \u00e0 Malaga - Nautilus Dragados","isPartOf":{"@id":"https:\/\/www.nautilusdragados.com\/fr\/#website"},"primaryImageOfPage":{"@id":"https:\/\/www.nautilusdragados.com\/fr\/nautilus-dragados-assiste-a-la-presentation-de-laccelerateur-blue-core-4-0-pour-leconomie-bleue-a-malaga\/#primaryimage"},"image":{"@id":"https:\/\/www.nautilusdragados.com\/fr\/nautilus-dragados-assiste-a-la-presentation-de-laccelerateur-blue-core-4-0-pour-leconomie-bleue-a-malaga\/#primaryimage"},"thumbnailUrl":"https:\/\/www.nautilusdragados.com\/wp-content\/uploads\/2026\/03\/blue-core.jpg","datePublished":"2026-03-06T12:46:41+00:00","dateModified":"2026-03-09T06:47:26+00:00","breadcrumb":{"@id":"https:\/\/www.nautilusdragados.com\/fr\/nautilus-dragados-assiste-a-la-presentation-de-laccelerateur-blue-core-4-0-pour-leconomie-bleue-a-malaga\/#breadcrumb"},"inLanguage":"fr-FR","potentialAction":[{"@type":"ReadAction","target":["https:\/\/www.nautilusdragados.com\/fr\/nautilus-dragados-assiste-a-la-presentation-de-laccelerateur-blue-core-4-0-pour-leconomie-bleue-a-malaga\/"]}]},{"@type":"ImageObject","inLanguage":"fr-FR","@id":"https:\/\/www.nautilusdragados.com\/fr\/nautilus-dragados-assiste-a-la-presentation-de-laccelerateur-blue-core-4-0-pour-leconomie-bleue-a-malaga\/#primaryimage","url":"https:\/\/www.nautilusdragados.com\/wp-content\/uploads\/2026\/03\/blue-core.jpg","contentUrl":"https:\/\/www.nautilusdragados.com\/wp-content\/uploads\/2026\/03\/blue-core.jpg","width":1200,"height":800,"caption":"Blue Core"},{"@type":"BreadcrumbList","@id":"https:\/\/www.nautilusdragados.com\/fr\/nautilus-dragados-assiste-a-la-presentation-de-laccelerateur-blue-core-4-0-pour-leconomie-bleue-a-malaga\/#breadcrumb","itemListElement":[{"@type":"ListItem","position":1,"name":"Portada","item":"https:\/\/www.nautilusdragados.com\/fr\/"},{"@type":"ListItem","position":2,"name":"Nautilus Dragados assiste \u00e0 la pr\u00e9sentation de l&rsquo;acc\u00e9l\u00e9rateur Blue Core 4.0 pour l&rsquo;\u00e9conomie bleue \u00e0 Malaga"}]},{"@type":"WebSite","@id":"https:\/\/www.nautilusdragados.com\/fr\/#website","url":"https:\/\/www.nautilusdragados.com\/fr\/","name":"Dragados Nautilus","description":"Retos medioambientales marinos","publisher":{"@id":"https:\/\/www.nautilusdragados.com\/fr\/#organization"},"potentialAction":[{"@type":"SearchAction","target":{"@type":"EntryPoint","urlTemplate":"https:\/\/www.nautilusdragados.com\/fr\/?s={search_term_string}"},"query-input":{"@type":"PropertyValueSpecification","valueRequired":true,"valueName":"search_term_string"}}],"inLanguage":"fr-FR"},{"@type":"Organization","@id":"https:\/\/www.nautilusdragados.com\/fr\/#organization","name":"Dragados Nautilus","url":"https:\/\/www.nautilusdragados.com\/fr\/","logo":{"@type":"ImageObject","inLanguage":"fr-FR","@id":"https:\/\/www.nautilusdragados.com\/fr\/#\/schema\/logo\/image\/","url":"https:\/\/www.nautilusdragados.com\/wp-content\/uploads\/2024\/09\/logo-nautilus.png","contentUrl":"https:\/\/www.nautilusdragados.com\/wp-content\/uploads\/2024\/09\/logo-nautilus.png","width":482,"height":115,"caption":"Dragados Nautilus"},"image":{"@id":"https:\/\/www.nautilusdragados.com\/fr\/#\/schema\/logo\/image\/"}},{"@type":"Person","@id":"https:\/\/www.nautilusdragados.com\/fr\/#\/schema\/person\/a7320e568496fcef6ae2fbdd392893fb","name":"admin","image":{"@type":"ImageObject","inLanguage":"fr-FR","@id":"https:\/\/secure.gravatar.com\/avatar\/8d6dcab9ee12841d4b3c71b7639455bb04683d31fd41ad66ec3164209d3e2a0b?s=96&d=mm&r=g","url":"https:\/\/secure.gravatar.com\/avatar\/8d6dcab9ee12841d4b3c71b7639455bb04683d31fd41ad66ec3164209d3e2a0b?s=96&d=mm&r=g","contentUrl":"https:\/\/secure.gravatar.com\/avatar\/8d6dcab9ee12841d4b3c71b7639455bb04683d31fd41ad66ec3164209d3e2a0b?s=96&d=mm&r=g","caption":"admin"},"sameAs":["https:\/\/www.nautilusdragados.com"],"url":"https:\/\/www.nautilusdragados.com\/fr\/author\/admin\/"}]}},"_links":{"self":[{"href":"https:\/\/www.nautilusdragados.com\/fr\/wp-json\/wp\/v2\/posts\/2828","targetHints":{"allow":["GET"]}}],"collection":[{"href":"https:\/\/www.nautilusdragados.com\/fr\/wp-json\/wp\/v2\/posts"}],"about":[{"href":"https:\/\/www.nautilusdragados.com\/fr\/wp-json\/wp\/v2\/types\/post"}],"author":[{"embeddable":true,"href":"https:\/\/www.nautilusdragados.com\/fr\/wp-json\/wp\/v2\/users\/1"}],"replies":[{"embeddable":true,"href":"https:\/\/www.nautilusdragados.com\/fr\/wp-json\/wp\/v2\/comments?post=2828"}],"version-history":[{"count":2,"href":"https:\/\/www.nautilusdragados.com\/fr\/wp-json\/wp\/v2\/posts\/2828\/revisions"}],"predecessor-version":[{"id":2830,"href":"https:\/\/www.nautilusdragados.com\/fr\/wp-json\/wp\/v2\/posts\/2828\/revisions\/2830"}],"wp:featuredmedia":[{"embeddable":true,"href":"https:\/\/www.nautilusdragados.com\/fr\/wp-json\/wp\/v2\/media\/2816"}],"wp:attachment":[{"href":"https:\/\/www.nautilusdragados.com\/fr\/wp-json\/wp\/v2\/media?parent=2828"}],"wp:term":[{"taxonomy":"category","embeddable":true,"href":"https:\/\/www.nautilusdragados.com\/fr\/wp-json\/wp\/v2\/categories?post=2828"},{"taxonomy":"post_tag","embeddable":true,"href":"https:\/\/www.nautilusdragados.com\/fr\/wp-json\/wp\/v2\/tags?post=2828"}],"curies":[{"name":"wp","href":"https:\/\/api.w.org\/{rel}","templated":true}]}}