{"id":3038,"date":"2026-04-23T07:17:00","date_gmt":"2026-04-23T07:17:00","guid":{"rendered":"https:\/\/www.nautilusdragados.com\/nautilus-dragados-rejoint-acemar-pour-renforcer-sa-position-dans-le-secteur-portuaire-de-malaga\/"},"modified":"2026-04-27T07:01:08","modified_gmt":"2026-04-27T07:01:08","slug":"nautilus-dragados-rejoint-acemar-pour-renforcer-sa-position-dans-le-secteur-portuaire-de-malaga","status":"publish","type":"post","link":"https:\/\/www.nautilusdragados.com\/fr\/nautilus-dragados-rejoint-acemar-pour-renforcer-sa-position-dans-le-secteur-portuaire-de-malaga\/","title":{"rendered":"Nautilus Dragados rejoint ACEMAR pour renforcer sa position dans le secteur portuaire de Malaga."},"content":{"rendered":"<p>[et_pb_section fb_built=\u00a0\u00bb1&Prime; theme_builder_area=\u00a0\u00bbpost_content\u00a0\u00bb _builder_version=\u00a0\u00bb4.27.6&Prime; _module_preset=\u00a0\u00bbdefault\u00a0\u00bb][et_pb_row _builder_version=\u00a0\u00bb4.27.6&Prime; _module_preset=\u00a0\u00bbdefault\u00a0\u00bb theme_builder_area=\u00a0\u00bbpost_content\u00a0\u00bb][et_pb_column _builder_version=\u00a0\u00bb4.27.6&Prime; _module_preset=\u00a0\u00bbdefault\u00a0\u00bb type=\u00a0\u00bb4_4&Prime; theme_builder_area=\u00a0\u00bbpost_content\u00a0\u00bb][et_pb_text _builder_version=\u00a0\u00bb4.27.6&Prime; _module_preset=\u00a0\u00bbdefault\u00a0\u00bb theme_builder_area=\u00a0\u00bbpost_content\u00a0\u00bb link_font=\u00a0\u00bb|600|||on||||\u00a0\u00bb hover_enabled=\u00a0\u00bb0&Prime; sticky_enabled=\u00a0\u00bb0&Prime;]<\/p>\n<p><strong>Nautilus Dragados poursuit le renforcement de sa pr\u00e9sence dans le secteur maritime et portuaire andalou avec une nouvelle \u00e9tape strat\u00e9gique.<\/strong> L&rsquo;entreprise a officialis\u00e9 son adh\u00e9sion \u00e0 <a href=\"https:\/\/www.consignatarios-malaga.com\/\">l&rsquo;Association des agents maritimes et des entreprises portuaires de Malaga<\/a> (ACEMAR), r\u00e9affirmant ainsi son engagement en faveur du d\u00e9veloppement durable et de l&rsquo;innovation dans l&rsquo;environnement portuaire.<br \/>L&rsquo;accord de collaboration a \u00e9t\u00e9 finalis\u00e9 lors d&rsquo;une c\u00e9r\u00e9monie officielle \u00e0 Malaga, en pr\u00e9sence de repr\u00e9sentants des deux organisations.<\/p>\n<p>\u00c9taient repr\u00e9sent\u00e9s par ACEMAR :<\/p>\n<ul>\n<li><strong>M. C\u00e9sar Cegarra P\u00e9rez<\/strong>, pr\u00e9sident d&rsquo;ACEMAR<\/li>\n<li><strong>Juan Jos\u00e9 Sibina Calder\u00f3n<\/strong>, directeur de l&rsquo;association<\/li>\n<\/ul>\n<p>En representaci\u00f3n de Nautilus Dragados asistieron:<\/p>\n<ul>\n<li>Fran Manen, PDG et fondatrice<\/li>\n<li><strong>Martijn de Bruin<\/strong>, directeur financier<\/li>\n<li><strong>Toni Fern\u00e1ndez<\/strong>, directeur de la logistique<\/li>\n<\/ul>\n<p>[\/et_pb_text][et_pb_text _builder_version=\u00a0\u00bb4.27.6&Prime; _module_preset=\u00a0\u00bbdefault\u00a0\u00bb theme_builder_area=\u00a0\u00bbpost_content\u00a0\u00bb hover_enabled=\u00a0\u00bb0&Prime; sticky_enabled=\u00a0\u00bb0&Prime;]<\/p>\n<h4>Une \u00e9tape strat\u00e9gique pour Nautilus Dragados<\/h4>\n<p>[\/et_pb_text][et_pb_text _builder_version=\u00a0\u00bb4.27.6&Prime; _module_preset=\u00a0\u00bbdefault\u00a0\u00bb theme_builder_area=\u00a0\u00bbpost_content\u00a0\u00bb hover_enabled=\u00a0\u00bb0&Prime; sticky_enabled=\u00a0\u00bb0&Prime;]<\/p>\n<p>L\u2019adh\u00e9sion \u00e0 ACEMAR repr\u00e9sente un atout majeur pour Nautilus Dragados, lui permettant de s\u2019int\u00e9grer \u00e0 l\u2019un des \u00e9cosyst\u00e8mes d\u2019affaires les plus dynamiques du secteur portuaire de Malaga. Cette alliance facilitera la collaboration avec d\u2019autres acteurs cl\u00e9s du secteur, g\u00e9n\u00e9rant de nouvelles opportunit\u00e9s commerciales, des synergies op\u00e9rationnelles et une participation \u00e0 des projets strat\u00e9giques li\u00e9s aux infrastructures maritimes et \u00e0 la logistique portuaire. <\/p>\n<p>En outre, cet accord renforce l\u2019engagement de Nautilus Dragados en faveur du d\u00e9veloppement durable du milieu marin et portuaire, et s\u2019inscrit dans le cadre d\u2019initiatives qui promeuvent l\u2019innovation, l\u2019efficacit\u00e9 et le respect de l\u2019environnement.<\/p>\n<p>[\/et_pb_text][et_pb_text _builder_version=\u00a0\u00bb4.27.6&Prime; _module_preset=\u00a0\u00bbdefault\u00a0\u00bb theme_builder_area=\u00a0\u00bbpost_content\u00a0\u00bb hover_enabled=\u00a0\u00bb0&Prime; sticky_enabled=\u00a0\u00bb0&Prime;]<\/p>\n<h4>Engagement envers l&rsquo;avenir du secteur maritime<\/h4>\n<p>[\/et_pb_text][et_pb_text _builder_version=\u00a0\u00bb4.27.6&Prime; _module_preset=\u00a0\u00bbdefault\u00a0\u00bb theme_builder_area=\u00a0\u00bbpost_content\u00a0\u00bb hover_enabled=\u00a0\u00bb0&Prime; sticky_enabled=\u00a0\u00bb0&Prime;]<\/p>\n<p>Nautilus Dragados souligne que cette acquisition renforce non seulement sa position sur le march\u00e9, mais ouvre \u00e9galement la voie \u00e0 un r\u00f4le plus actif dans l&rsquo;\u00e9volution du secteur portuaire en Andalousie.<\/p>\n<p>L\u2019entreprise r\u00e9affirme ainsi son engagement en faveur du leadership dans le dragage durable et des solutions techniques avanc\u00e9es pour les infrastructures maritimes, se consolidant comme un acteur cl\u00e9 de la croissance et de la modernisation du secteur portuaire.<\/p>\n<p>[\/et_pb_text][\/et_pb_column][\/et_pb_row][et_pb_row _builder_version=\u00a0\u00bb4.27.6&Prime; _module_preset=\u00a0\u00bbdefault\u00a0\u00bb theme_builder_area=\u00a0\u00bbpost_content\u00a0\u00bb][et_pb_column _builder_version=\u00a0\u00bb4.27.6&Prime; _module_preset=\u00a0\u00bbdefault\u00a0\u00bb type=\u00a0\u00bb4_4&Prime; theme_builder_area=\u00a0\u00bbpost_content\u00a0\u00bb][et_pb_image src=\u00a0\u00bbhttps:\/\/www.nautilusdragados.com\/wp-content\/uploads\/2026\/04\/acuerdo-acemar-02.jpg\u00a0\u00bb _builder_version=\u00a0\u00bb4.27.6&Prime; _module_preset=\u00a0\u00bbdefault\u00a0\u00bb theme_builder_area=\u00a0\u00bbpost_content\u00a0\u00bb alt=\u00a0\u00bbAccord avec Acemar\u00a0\u00bb title_text=\u00a0\u00bbAccord avec Acemar\u00a0\u00bb hover_enabled=\u00a0\u00bb0&Prime; sticky_enabled=\u00a0\u00bb0&Prime;][\/et_pb_image][\/et_pb_column][\/et_pb_row][\/et_pb_section]<\/p>\n","protected":false},"excerpt":{"rendered":"<p>Nautilus Dragados poursuit le renforcement de sa pr\u00e9sence dans le secteur maritime et portuaire andalou avec une nouvelle \u00e9tape strat\u00e9gique. L&rsquo;entreprise a officialis\u00e9 son adh\u00e9sion \u00e0 l&rsquo;Association des agents maritimes et des entreprises portuaires de Malaga (ACEMAR), r\u00e9affirmant ainsi son engagement en faveur du d\u00e9veloppement durable et de l&rsquo;innovation dans l&rsquo;environnement portuaire.L&rsquo;accord de collaboration a \u00e9t\u00e9 finalis\u00e9 lors d&rsquo;une c\u00e9r\u00e9monie officielle \u00e0 Malaga, en pr\u00e9sence de repr\u00e9sentants des deux organisations. \u00c9taient repr\u00e9sent\u00e9s par ACEMAR : M. C\u00e9sar Cegarra P\u00e9rez, pr\u00e9sident d&rsquo;ACEMAR Juan Jos\u00e9 Sibina Calder\u00f3n, directeur de l&rsquo;association En representaci\u00f3n de Nautilus Dragados asistieron: Fran Manen, PDG et fondatrice Martijn de Bruin, directeur financier Toni Fern\u00e1ndez, directeur de la logistique Une \u00e9tape strat\u00e9gique pour Nautilus DragadosL\u2019adh\u00e9sion \u00e0 ACEMAR repr\u00e9sente un atout majeur pour Nautilus Dragados, lui permettant de s\u2019int\u00e9grer \u00e0 l\u2019un des \u00e9cosyst\u00e8mes d\u2019affaires les plus dynamiques du secteur portuaire de Malaga. Cette alliance facilitera la collaboration avec d\u2019autres acteurs cl\u00e9s du secteur, g\u00e9n\u00e9rant de nouvelles opportunit\u00e9s commerciales, des synergies op\u00e9rationnelles et une participation \u00e0 des projets strat\u00e9giques li\u00e9s aux infrastructures maritimes et \u00e0 la logistique portuaire. En outre, cet accord renforce l\u2019engagement de Nautilus Dragados en faveur du d\u00e9veloppement durable du milieu marin et portuaire, et s\u2019inscrit dans le [&hellip;]<\/p>\n","protected":false},"author":1,"featured_media":3025,"comment_status":"closed","ping_status":"closed","sticky":false,"template":"","format":"standard","meta":{"_et_pb_use_builder":"on","_et_pb_old_content":"","_et_gb_content_width":"","footnotes":""},"categories":[12],"tags":[],"class_list":["post-3038","post","type-post","status-publish","format-standard","has-post-thumbnail","hentry","category-non-classifiee"],"yoast_head":"<!-- This site is optimized with the Yoast SEO plugin v27.5 - https:\/\/yoast.com\/product\/yoast-seo-wordpress\/ -->\n<title>Nautilus Dragados rejoint ACEMAR pour renforcer sa position dans le secteur portuaire de Malaga. - Nautilus Dragados<\/title>\n<meta name=\"robots\" content=\"index, follow, max-snippet:-1, max-image-preview:large, max-video-preview:-1\" \/>\n<link rel=\"canonical\" href=\"https:\/\/www.nautilusdragados.com\/fr\/nautilus-dragados-rejoint-acemar-pour-renforcer-sa-position-dans-le-secteur-portuaire-de-malaga\/\" \/>\n<meta property=\"og:locale\" content=\"fr_FR\" \/>\n<meta property=\"og:type\" content=\"article\" \/>\n<meta property=\"og:title\" content=\"Nautilus Dragados rejoint ACEMAR pour renforcer sa position dans le secteur portuaire de Malaga. - Nautilus Dragados\" \/>\n<meta property=\"og:description\" content=\"Nautilus Dragados poursuit le renforcement de sa pr\u00e9sence dans le secteur maritime et portuaire andalou avec une nouvelle \u00e9tape strat\u00e9gique. L&#039;entreprise a officialis\u00e9 son adh\u00e9sion \u00e0 l&#039;Association des agents maritimes et des entreprises portuaires de Malaga (ACEMAR), r\u00e9affirmant ainsi son engagement en faveur du d\u00e9veloppement durable et de l&#039;innovation dans l&#039;environnement portuaire.L&#039;accord de collaboration a \u00e9t\u00e9 finalis\u00e9 lors d&#039;une c\u00e9r\u00e9monie officielle \u00e0 Malaga, en pr\u00e9sence de repr\u00e9sentants des deux organisations. \u00c9taient repr\u00e9sent\u00e9s par ACEMAR : M. C\u00e9sar Cegarra P\u00e9rez, pr\u00e9sident d&#039;ACEMAR Juan Jos\u00e9 Sibina Calder\u00f3n, directeur de l&#039;association En representaci\u00f3n de Nautilus Dragados asistieron: Fran Manen, PDG et fondatrice Martijn de Bruin, directeur financier Toni Fern\u00e1ndez, directeur de la logistique Une \u00e9tape strat\u00e9gique pour Nautilus DragadosL\u2019adh\u00e9sion \u00e0 ACEMAR repr\u00e9sente un atout majeur pour Nautilus Dragados, lui permettant de s\u2019int\u00e9grer \u00e0 l\u2019un des \u00e9cosyst\u00e8mes d\u2019affaires les plus dynamiques du secteur portuaire de Malaga. Cette alliance facilitera la collaboration avec d\u2019autres acteurs cl\u00e9s du secteur, g\u00e9n\u00e9rant de nouvelles opportunit\u00e9s commerciales, des synergies op\u00e9rationnelles et une participation \u00e0 des projets strat\u00e9giques li\u00e9s aux infrastructures maritimes et \u00e0 la logistique portuaire. En outre, cet accord renforce l\u2019engagement de Nautilus Dragados en faveur du d\u00e9veloppement durable du milieu marin et portuaire, et s\u2019inscrit dans le [&hellip;]\" \/>\n<meta property=\"og:url\" content=\"https:\/\/www.nautilusdragados.com\/fr\/nautilus-dragados-rejoint-acemar-pour-renforcer-sa-position-dans-le-secteur-portuaire-de-malaga\/\" \/>\n<meta property=\"og:site_name\" content=\"Nautilus Dragados\" \/>\n<meta property=\"article:published_time\" content=\"2026-04-23T07:17:00+00:00\" \/>\n<meta property=\"article:modified_time\" content=\"2026-04-27T07:01:08+00:00\" \/>\n<meta property=\"og:image\" content=\"https:\/\/www.nautilusdragados.com\/wp-content\/uploads\/2026\/04\/acuerdo-acemar-01.jpg\" \/>\n\t<meta property=\"og:image:width\" content=\"1200\" \/>\n\t<meta property=\"og:image:height\" content=\"800\" \/>\n\t<meta property=\"og:image:type\" content=\"image\/jpeg\" \/>\n<meta name=\"author\" content=\"admin\" \/>\n<meta name=\"twitter:card\" content=\"summary_large_image\" \/>\n<meta name=\"twitter:label1\" content=\"\u00c9crit par\" \/>\n\t<meta name=\"twitter:data1\" content=\"admin\" \/>\n\t<meta name=\"twitter:label2\" content=\"Dur\u00e9e de lecture estim\u00e9e\" \/>\n\t<meta name=\"twitter:data2\" content=\"3 minutes\" \/>\n<script type=\"application\/ld+json\" class=\"yoast-schema-graph\">{\"@context\":\"https:\\\/\\\/schema.org\",\"@graph\":[{\"@type\":\"Article\",\"@id\":\"https:\\\/\\\/www.nautilusdragados.com\\\/fr\\\/nautilus-dragados-rejoint-acemar-pour-renforcer-sa-position-dans-le-secteur-portuaire-de-malaga\\\/#article\",\"isPartOf\":{\"@id\":\"https:\\\/\\\/www.nautilusdragados.com\\\/fr\\\/nautilus-dragados-rejoint-acemar-pour-renforcer-sa-position-dans-le-secteur-portuaire-de-malaga\\\/\"},\"author\":{\"name\":\"admin\",\"@id\":\"https:\\\/\\\/www.nautilusdragados.com\\\/fr\\\/#\\\/schema\\\/person\\\/a7320e568496fcef6ae2fbdd392893fb\"},\"headline\":\"Nautilus Dragados rejoint ACEMAR pour renforcer sa position dans le secteur portuaire de Malaga.\",\"datePublished\":\"2026-04-23T07:17:00+00:00\",\"dateModified\":\"2026-04-27T07:01:08+00:00\",\"mainEntityOfPage\":{\"@id\":\"https:\\\/\\\/www.nautilusdragados.com\\\/fr\\\/nautilus-dragados-rejoint-acemar-pour-renforcer-sa-position-dans-le-secteur-portuaire-de-malaga\\\/\"},\"wordCount\":574,\"publisher\":{\"@id\":\"https:\\\/\\\/www.nautilusdragados.com\\\/fr\\\/#organization\"},\"image\":{\"@id\":\"https:\\\/\\\/www.nautilusdragados.com\\\/fr\\\/nautilus-dragados-rejoint-acemar-pour-renforcer-sa-position-dans-le-secteur-portuaire-de-malaga\\\/#primaryimage\"},\"thumbnailUrl\":\"https:\\\/\\\/www.nautilusdragados.com\\\/wp-content\\\/uploads\\\/2026\\\/04\\\/acuerdo-acemar-01.jpg\",\"articleSection\":[\"Non classifi\u00e9(e)\"],\"inLanguage\":\"fr-FR\"},{\"@type\":\"WebPage\",\"@id\":\"https:\\\/\\\/www.nautilusdragados.com\\\/fr\\\/nautilus-dragados-rejoint-acemar-pour-renforcer-sa-position-dans-le-secteur-portuaire-de-malaga\\\/\",\"url\":\"https:\\\/\\\/www.nautilusdragados.com\\\/fr\\\/nautilus-dragados-rejoint-acemar-pour-renforcer-sa-position-dans-le-secteur-portuaire-de-malaga\\\/\",\"name\":\"Nautilus Dragados rejoint ACEMAR pour renforcer sa position dans le secteur portuaire de Malaga. - Nautilus Dragados\",\"isPartOf\":{\"@id\":\"https:\\\/\\\/www.nautilusdragados.com\\\/fr\\\/#website\"},\"primaryImageOfPage\":{\"@id\":\"https:\\\/\\\/www.nautilusdragados.com\\\/fr\\\/nautilus-dragados-rejoint-acemar-pour-renforcer-sa-position-dans-le-secteur-portuaire-de-malaga\\\/#primaryimage\"},\"image\":{\"@id\":\"https:\\\/\\\/www.nautilusdragados.com\\\/fr\\\/nautilus-dragados-rejoint-acemar-pour-renforcer-sa-position-dans-le-secteur-portuaire-de-malaga\\\/#primaryimage\"},\"thumbnailUrl\":\"https:\\\/\\\/www.nautilusdragados.com\\\/wp-content\\\/uploads\\\/2026\\\/04\\\/acuerdo-acemar-01.jpg\",\"datePublished\":\"2026-04-23T07:17:00+00:00\",\"dateModified\":\"2026-04-27T07:01:08+00:00\",\"breadcrumb\":{\"@id\":\"https:\\\/\\\/www.nautilusdragados.com\\\/fr\\\/nautilus-dragados-rejoint-acemar-pour-renforcer-sa-position-dans-le-secteur-portuaire-de-malaga\\\/#breadcrumb\"},\"inLanguage\":\"fr-FR\",\"potentialAction\":[{\"@type\":\"ReadAction\",\"target\":[\"https:\\\/\\\/www.nautilusdragados.com\\\/fr\\\/nautilus-dragados-rejoint-acemar-pour-renforcer-sa-position-dans-le-secteur-portuaire-de-malaga\\\/\"]}]},{\"@type\":\"ImageObject\",\"inLanguage\":\"fr-FR\",\"@id\":\"https:\\\/\\\/www.nautilusdragados.com\\\/fr\\\/nautilus-dragados-rejoint-acemar-pour-renforcer-sa-position-dans-le-secteur-portuaire-de-malaga\\\/#primaryimage\",\"url\":\"https:\\\/\\\/www.nautilusdragados.com\\\/wp-content\\\/uploads\\\/2026\\\/04\\\/acuerdo-acemar-01.jpg\",\"contentUrl\":\"https:\\\/\\\/www.nautilusdragados.com\\\/wp-content\\\/uploads\\\/2026\\\/04\\\/acuerdo-acemar-01.jpg\",\"width\":1200,\"height\":800,\"caption\":\"Acuerdo con Acemar\"},{\"@type\":\"BreadcrumbList\",\"@id\":\"https:\\\/\\\/www.nautilusdragados.com\\\/fr\\\/nautilus-dragados-rejoint-acemar-pour-renforcer-sa-position-dans-le-secteur-portuaire-de-malaga\\\/#breadcrumb\",\"itemListElement\":[{\"@type\":\"ListItem\",\"position\":1,\"name\":\"Portada\",\"item\":\"https:\\\/\\\/www.nautilusdragados.com\\\/fr\\\/\"},{\"@type\":\"ListItem\",\"position\":2,\"name\":\"Nautilus Dragados rejoint ACEMAR pour renforcer sa position dans le secteur portuaire de Malaga.\"}]},{\"@type\":\"WebSite\",\"@id\":\"https:\\\/\\\/www.nautilusdragados.com\\\/fr\\\/#website\",\"url\":\"https:\\\/\\\/www.nautilusdragados.com\\\/fr\\\/\",\"name\":\"Dragados Nautilus\",\"description\":\"Retos medioambientales marinos\",\"publisher\":{\"@id\":\"https:\\\/\\\/www.nautilusdragados.com\\\/fr\\\/#organization\"},\"potentialAction\":[{\"@type\":\"SearchAction\",\"target\":{\"@type\":\"EntryPoint\",\"urlTemplate\":\"https:\\\/\\\/www.nautilusdragados.com\\\/fr\\\/?s={search_term_string}\"},\"query-input\":{\"@type\":\"PropertyValueSpecification\",\"valueRequired\":true,\"valueName\":\"search_term_string\"}}],\"inLanguage\":\"fr-FR\"},{\"@type\":\"Organization\",\"@id\":\"https:\\\/\\\/www.nautilusdragados.com\\\/fr\\\/#organization\",\"name\":\"Dragados Nautilus\",\"url\":\"https:\\\/\\\/www.nautilusdragados.com\\\/fr\\\/\",\"logo\":{\"@type\":\"ImageObject\",\"inLanguage\":\"fr-FR\",\"@id\":\"https:\\\/\\\/www.nautilusdragados.com\\\/fr\\\/#\\\/schema\\\/logo\\\/image\\\/\",\"url\":\"https:\\\/\\\/www.nautilusdragados.com\\\/wp-content\\\/uploads\\\/2024\\\/09\\\/logo-nautilus.png\",\"contentUrl\":\"https:\\\/\\\/www.nautilusdragados.com\\\/wp-content\\\/uploads\\\/2024\\\/09\\\/logo-nautilus.png\",\"width\":482,\"height\":115,\"caption\":\"Dragados Nautilus\"},\"image\":{\"@id\":\"https:\\\/\\\/www.nautilusdragados.com\\\/fr\\\/#\\\/schema\\\/logo\\\/image\\\/\"}},{\"@type\":\"Person\",\"@id\":\"https:\\\/\\\/www.nautilusdragados.com\\\/fr\\\/#\\\/schema\\\/person\\\/a7320e568496fcef6ae2fbdd392893fb\",\"name\":\"admin\",\"image\":{\"@type\":\"ImageObject\",\"inLanguage\":\"fr-FR\",\"@id\":\"https:\\\/\\\/secure.gravatar.com\\\/avatar\\\/8d6dcab9ee12841d4b3c71b7639455bb04683d31fd41ad66ec3164209d3e2a0b?s=96&d=mm&r=g\",\"url\":\"https:\\\/\\\/secure.gravatar.com\\\/avatar\\\/8d6dcab9ee12841d4b3c71b7639455bb04683d31fd41ad66ec3164209d3e2a0b?s=96&d=mm&r=g\",\"contentUrl\":\"https:\\\/\\\/secure.gravatar.com\\\/avatar\\\/8d6dcab9ee12841d4b3c71b7639455bb04683d31fd41ad66ec3164209d3e2a0b?s=96&d=mm&r=g\",\"caption\":\"admin\"},\"sameAs\":[\"https:\\\/\\\/www.nautilusdragados.com\"],\"url\":\"https:\\\/\\\/www.nautilusdragados.com\\\/fr\\\/author\\\/admin\\\/\"}]}<\/script>\n<!-- \/ Yoast SEO plugin. -->","yoast_head_json":{"title":"Nautilus Dragados rejoint ACEMAR pour renforcer sa position dans le secteur portuaire de Malaga. - Nautilus Dragados","robots":{"index":"index","follow":"follow","max-snippet":"max-snippet:-1","max-image-preview":"max-image-preview:large","max-video-preview":"max-video-preview:-1"},"canonical":"https:\/\/www.nautilusdragados.com\/fr\/nautilus-dragados-rejoint-acemar-pour-renforcer-sa-position-dans-le-secteur-portuaire-de-malaga\/","og_locale":"fr_FR","og_type":"article","og_title":"Nautilus Dragados rejoint ACEMAR pour renforcer sa position dans le secteur portuaire de Malaga. - Nautilus Dragados","og_description":"Nautilus Dragados poursuit le renforcement de sa pr\u00e9sence dans le secteur maritime et portuaire andalou avec une nouvelle \u00e9tape strat\u00e9gique. L'entreprise a officialis\u00e9 son adh\u00e9sion \u00e0 l'Association des agents maritimes et des entreprises portuaires de Malaga (ACEMAR), r\u00e9affirmant ainsi son engagement en faveur du d\u00e9veloppement durable et de l'innovation dans l'environnement portuaire.L'accord de collaboration a \u00e9t\u00e9 finalis\u00e9 lors d'une c\u00e9r\u00e9monie officielle \u00e0 Malaga, en pr\u00e9sence de repr\u00e9sentants des deux organisations. \u00c9taient repr\u00e9sent\u00e9s par ACEMAR : M. C\u00e9sar Cegarra P\u00e9rez, pr\u00e9sident d'ACEMAR Juan Jos\u00e9 Sibina Calder\u00f3n, directeur de l'association En representaci\u00f3n de Nautilus Dragados asistieron: Fran Manen, PDG et fondatrice Martijn de Bruin, directeur financier Toni Fern\u00e1ndez, directeur de la logistique Une \u00e9tape strat\u00e9gique pour Nautilus DragadosL\u2019adh\u00e9sion \u00e0 ACEMAR repr\u00e9sente un atout majeur pour Nautilus Dragados, lui permettant de s\u2019int\u00e9grer \u00e0 l\u2019un des \u00e9cosyst\u00e8mes d\u2019affaires les plus dynamiques du secteur portuaire de Malaga. Cette alliance facilitera la collaboration avec d\u2019autres acteurs cl\u00e9s du secteur, g\u00e9n\u00e9rant de nouvelles opportunit\u00e9s commerciales, des synergies op\u00e9rationnelles et une participation \u00e0 des projets strat\u00e9giques li\u00e9s aux infrastructures maritimes et \u00e0 la logistique portuaire. En outre, cet accord renforce l\u2019engagement de Nautilus Dragados en faveur du d\u00e9veloppement durable du milieu marin et portuaire, et s\u2019inscrit dans le [&hellip;]","og_url":"https:\/\/www.nautilusdragados.com\/fr\/nautilus-dragados-rejoint-acemar-pour-renforcer-sa-position-dans-le-secteur-portuaire-de-malaga\/","og_site_name":"Nautilus Dragados","article_published_time":"2026-04-23T07:17:00+00:00","article_modified_time":"2026-04-27T07:01:08+00:00","og_image":[{"width":1200,"height":800,"url":"https:\/\/www.nautilusdragados.com\/wp-content\/uploads\/2026\/04\/acuerdo-acemar-01.jpg","type":"image\/jpeg"}],"author":"admin","twitter_card":"summary_large_image","twitter_misc":{"\u00c9crit par":"admin","Dur\u00e9e de lecture estim\u00e9e":"3 minutes"},"schema":{"@context":"https:\/\/schema.org","@graph":[{"@type":"Article","@id":"https:\/\/www.nautilusdragados.com\/fr\/nautilus-dragados-rejoint-acemar-pour-renforcer-sa-position-dans-le-secteur-portuaire-de-malaga\/#article","isPartOf":{"@id":"https:\/\/www.nautilusdragados.com\/fr\/nautilus-dragados-rejoint-acemar-pour-renforcer-sa-position-dans-le-secteur-portuaire-de-malaga\/"},"author":{"name":"admin","@id":"https:\/\/www.nautilusdragados.com\/fr\/#\/schema\/person\/a7320e568496fcef6ae2fbdd392893fb"},"headline":"Nautilus Dragados rejoint ACEMAR pour renforcer sa position dans le secteur portuaire de Malaga.","datePublished":"2026-04-23T07:17:00+00:00","dateModified":"2026-04-27T07:01:08+00:00","mainEntityOfPage":{"@id":"https:\/\/www.nautilusdragados.com\/fr\/nautilus-dragados-rejoint-acemar-pour-renforcer-sa-position-dans-le-secteur-portuaire-de-malaga\/"},"wordCount":574,"publisher":{"@id":"https:\/\/www.nautilusdragados.com\/fr\/#organization"},"image":{"@id":"https:\/\/www.nautilusdragados.com\/fr\/nautilus-dragados-rejoint-acemar-pour-renforcer-sa-position-dans-le-secteur-portuaire-de-malaga\/#primaryimage"},"thumbnailUrl":"https:\/\/www.nautilusdragados.com\/wp-content\/uploads\/2026\/04\/acuerdo-acemar-01.jpg","articleSection":["Non classifi\u00e9(e)"],"inLanguage":"fr-FR"},{"@type":"WebPage","@id":"https:\/\/www.nautilusdragados.com\/fr\/nautilus-dragados-rejoint-acemar-pour-renforcer-sa-position-dans-le-secteur-portuaire-de-malaga\/","url":"https:\/\/www.nautilusdragados.com\/fr\/nautilus-dragados-rejoint-acemar-pour-renforcer-sa-position-dans-le-secteur-portuaire-de-malaga\/","name":"Nautilus Dragados rejoint ACEMAR pour renforcer sa position dans le secteur portuaire de Malaga. - Nautilus Dragados","isPartOf":{"@id":"https:\/\/www.nautilusdragados.com\/fr\/#website"},"primaryImageOfPage":{"@id":"https:\/\/www.nautilusdragados.com\/fr\/nautilus-dragados-rejoint-acemar-pour-renforcer-sa-position-dans-le-secteur-portuaire-de-malaga\/#primaryimage"},"image":{"@id":"https:\/\/www.nautilusdragados.com\/fr\/nautilus-dragados-rejoint-acemar-pour-renforcer-sa-position-dans-le-secteur-portuaire-de-malaga\/#primaryimage"},"thumbnailUrl":"https:\/\/www.nautilusdragados.com\/wp-content\/uploads\/2026\/04\/acuerdo-acemar-01.jpg","datePublished":"2026-04-23T07:17:00+00:00","dateModified":"2026-04-27T07:01:08+00:00","breadcrumb":{"@id":"https:\/\/www.nautilusdragados.com\/fr\/nautilus-dragados-rejoint-acemar-pour-renforcer-sa-position-dans-le-secteur-portuaire-de-malaga\/#breadcrumb"},"inLanguage":"fr-FR","potentialAction":[{"@type":"ReadAction","target":["https:\/\/www.nautilusdragados.com\/fr\/nautilus-dragados-rejoint-acemar-pour-renforcer-sa-position-dans-le-secteur-portuaire-de-malaga\/"]}]},{"@type":"ImageObject","inLanguage":"fr-FR","@id":"https:\/\/www.nautilusdragados.com\/fr\/nautilus-dragados-rejoint-acemar-pour-renforcer-sa-position-dans-le-secteur-portuaire-de-malaga\/#primaryimage","url":"https:\/\/www.nautilusdragados.com\/wp-content\/uploads\/2026\/04\/acuerdo-acemar-01.jpg","contentUrl":"https:\/\/www.nautilusdragados.com\/wp-content\/uploads\/2026\/04\/acuerdo-acemar-01.jpg","width":1200,"height":800,"caption":"Acuerdo con Acemar"},{"@type":"BreadcrumbList","@id":"https:\/\/www.nautilusdragados.com\/fr\/nautilus-dragados-rejoint-acemar-pour-renforcer-sa-position-dans-le-secteur-portuaire-de-malaga\/#breadcrumb","itemListElement":[{"@type":"ListItem","position":1,"name":"Portada","item":"https:\/\/www.nautilusdragados.com\/fr\/"},{"@type":"ListItem","position":2,"name":"Nautilus Dragados rejoint ACEMAR pour renforcer sa position dans le secteur portuaire de Malaga."}]},{"@type":"WebSite","@id":"https:\/\/www.nautilusdragados.com\/fr\/#website","url":"https:\/\/www.nautilusdragados.com\/fr\/","name":"Dragados Nautilus","description":"Retos medioambientales marinos","publisher":{"@id":"https:\/\/www.nautilusdragados.com\/fr\/#organization"},"potentialAction":[{"@type":"SearchAction","target":{"@type":"EntryPoint","urlTemplate":"https:\/\/www.nautilusdragados.com\/fr\/?s={search_term_string}"},"query-input":{"@type":"PropertyValueSpecification","valueRequired":true,"valueName":"search_term_string"}}],"inLanguage":"fr-FR"},{"@type":"Organization","@id":"https:\/\/www.nautilusdragados.com\/fr\/#organization","name":"Dragados Nautilus","url":"https:\/\/www.nautilusdragados.com\/fr\/","logo":{"@type":"ImageObject","inLanguage":"fr-FR","@id":"https:\/\/www.nautilusdragados.com\/fr\/#\/schema\/logo\/image\/","url":"https:\/\/www.nautilusdragados.com\/wp-content\/uploads\/2024\/09\/logo-nautilus.png","contentUrl":"https:\/\/www.nautilusdragados.com\/wp-content\/uploads\/2024\/09\/logo-nautilus.png","width":482,"height":115,"caption":"Dragados Nautilus"},"image":{"@id":"https:\/\/www.nautilusdragados.com\/fr\/#\/schema\/logo\/image\/"}},{"@type":"Person","@id":"https:\/\/www.nautilusdragados.com\/fr\/#\/schema\/person\/a7320e568496fcef6ae2fbdd392893fb","name":"admin","image":{"@type":"ImageObject","inLanguage":"fr-FR","@id":"https:\/\/secure.gravatar.com\/avatar\/8d6dcab9ee12841d4b3c71b7639455bb04683d31fd41ad66ec3164209d3e2a0b?s=96&d=mm&r=g","url":"https:\/\/secure.gravatar.com\/avatar\/8d6dcab9ee12841d4b3c71b7639455bb04683d31fd41ad66ec3164209d3e2a0b?s=96&d=mm&r=g","contentUrl":"https:\/\/secure.gravatar.com\/avatar\/8d6dcab9ee12841d4b3c71b7639455bb04683d31fd41ad66ec3164209d3e2a0b?s=96&d=mm&r=g","caption":"admin"},"sameAs":["https:\/\/www.nautilusdragados.com"],"url":"https:\/\/www.nautilusdragados.com\/fr\/author\/admin\/"}]}},"_links":{"self":[{"href":"https:\/\/www.nautilusdragados.com\/fr\/wp-json\/wp\/v2\/posts\/3038","targetHints":{"allow":["GET"]}}],"collection":[{"href":"https:\/\/www.nautilusdragados.com\/fr\/wp-json\/wp\/v2\/posts"}],"about":[{"href":"https:\/\/www.nautilusdragados.com\/fr\/wp-json\/wp\/v2\/types\/post"}],"author":[{"embeddable":true,"href":"https:\/\/www.nautilusdragados.com\/fr\/wp-json\/wp\/v2\/users\/1"}],"replies":[{"embeddable":true,"href":"https:\/\/www.nautilusdragados.com\/fr\/wp-json\/wp\/v2\/comments?post=3038"}],"version-history":[{"count":7,"href":"https:\/\/www.nautilusdragados.com\/fr\/wp-json\/wp\/v2\/posts\/3038\/revisions"}],"predecessor-version":[{"id":3111,"href":"https:\/\/www.nautilusdragados.com\/fr\/wp-json\/wp\/v2\/posts\/3038\/revisions\/3111"}],"wp:featuredmedia":[{"embeddable":true,"href":"https:\/\/www.nautilusdragados.com\/fr\/wp-json\/wp\/v2\/media\/3025"}],"wp:attachment":[{"href":"https:\/\/www.nautilusdragados.com\/fr\/wp-json\/wp\/v2\/media?parent=3038"}],"wp:term":[{"taxonomy":"category","embeddable":true,"href":"https:\/\/www.nautilusdragados.com\/fr\/wp-json\/wp\/v2\/categories?post=3038"},{"taxonomy":"post_tag","embeddable":true,"href":"https:\/\/www.nautilusdragados.com\/fr\/wp-json\/wp\/v2\/tags?post=3038"}],"curies":[{"name":"wp","href":"https:\/\/api.w.org\/{rel}","templated":true}]}}