{"id":3097,"date":"2026-04-27T06:26:49","date_gmt":"2026-04-27T06:26:49","guid":{"rendered":"https:\/\/www.nautilusdragados.com\/nautilus-dragados-et-grupo-eulen-signent-un-accord-pour-la-restauration-des-lits-et-des-berges-de-rivieres-en-espagne\/"},"modified":"2026-04-27T07:38:06","modified_gmt":"2026-04-27T07:38:06","slug":"nautilus-dragados-et-grupo-eulen-signent-un-accord-pour-la-restauration-des-lits-et-des-berges-de-rivieres-en-espagne","status":"publish","type":"post","link":"https:\/\/www.nautilusdragados.com\/fr\/nautilus-dragados-et-grupo-eulen-signent-un-accord-pour-la-restauration-des-lits-et-des-berges-de-rivieres-en-espagne\/","title":{"rendered":"Nautilus Dragados et Grupo EULEN signent un accord de collaboration pour la restauration des lits et des berges de rivi\u00e8res en Espagne"},"content":{"rendered":"<p>[et_pb_section fb_built=\u00a0\u00bb1&Prime; theme_builder_area=\u00a0\u00bbpost_content\u00a0\u00bb _builder_version=\u00a0\u00bb4.27.6&Prime; _module_preset=\u00a0\u00bbdefault\u00a0\u00bb][et_pb_row _builder_version=\u00a0\u00bb4.27.6&Prime; _module_preset=\u00a0\u00bbdefault\u00a0\u00bb theme_builder_area=\u00a0\u00bbpost_content\u00a0\u00bb][et_pb_column _builder_version=\u00a0\u00bb4.27.6&Prime; _module_preset=\u00a0\u00bbdefault\u00a0\u00bb type=\u00a0\u00bb4_4&Prime; theme_builder_area=\u00a0\u00bbpost_content\u00a0\u00bb][et_pb_text _builder_version=\u00a0\u00bb4.27.6&Prime; _module_preset=\u00a0\u00bbdefault\u00a0\u00bb theme_builder_area=\u00a0\u00bbpost_content\u00a0\u00bb hover_enabled=\u00a0\u00bb0&Prime; sticky_enabled=\u00a0\u00bb0&Prime; link_font=\u00a0\u00bb|&#8211;et_global_body_font_weight|||on||||\u00a0\u00bb]<\/p>\n<p>Conform\u00e9ment \u00e0 son engagement en faveur du d\u00e9veloppement durable et de la protection de l&rsquo;environnement naturel, <strong>Nautilus Dragados<\/strong> a sign\u00e9 un accord de collaboration strat\u00e9gique avec <strong><a href=\"https:\/\/www.eulen.com\" target=\"_blank\" rel=\"noopener\">Grupo EULEN<\/a><\/strong> pour le d\u00e9veloppement de <a href=\"https:\/\/www.nautilusdragados.com\/fr\/dragage-des-rivieres-et-des-ports\/\">projets visant \u00e0 am\u00e9liorer, r\u00e9cup\u00e9rer et restaurer les lits et les berges des rivi\u00e8res<\/a> sur l&rsquo;ensemble du territoire national.<\/p>\n<p>Cet accord repr\u00e9sente une \u00e9tape cl\u00e9 dans l&rsquo;expansion de Nautilus Dragados vers de nouveaux secteurs d&rsquo;activit\u00e9 dans le domaine de l&rsquo;ing\u00e9nierie environnementale, combinant son exp\u00e9rience dans le milieu aquatique avec la capacit\u00e9 op\u00e9rationnelle et la pr\u00e9sence nationale du Grupo EULEN.<\/p>\n<p>[\/et_pb_text][et_pb_text _builder_version=\u00a0\u00bb4.27.6&Prime; _module_preset=\u00a0\u00bbdefault\u00a0\u00bb theme_builder_area=\u00a0\u00bbpost_content\u00a0\u00bb hover_enabled=\u00a0\u00bb0&Prime; sticky_enabled=\u00a0\u00bb0&Prime;]<\/p>\n<h4>Promouvoir la restauration des \u00e9cosyst\u00e8mes fluviaux<\/h4>\n<p>[\/et_pb_text][et_pb_text _builder_version=\u00a0\u00bb4.27.6&Prime; _module_preset=\u00a0\u00bbdefault\u00a0\u00bb theme_builder_area=\u00a0\u00bbpost_content\u00a0\u00bb hover_enabled=\u00a0\u00bb0&Prime; sticky_enabled=\u00a0\u00bb0&Prime;]<\/p>\n<p>Les rivi\u00e8res et leurs berges sont essentielles \u00e0 la biodiversit\u00e9, \u00e0 la gestion de l&rsquo;eau et \u00e0 la pr\u00e9vention des risques naturels tels que les inondations et l&rsquo;\u00e9rosion. Gr\u00e2ce \u00e0 cette collaboration, les deux entreprises d\u00e9velopperont des initiatives ax\u00e9es sur : <\/p>\n<ul>\n<li style=\"list-style-type: none;\">\n<ul>\n<li>Restauration \u00e9cologique des lits de rivi\u00e8re d\u00e9grad\u00e9s<\/li>\n<li>Am\u00e9lioration de la qualit\u00e9 de l&rsquo;eau<\/li>\n<li>Restauration des habitats naturels<\/li>\n<li>Stabilisation des berges et contr\u00f4le de l&rsquo;\u00e9rosion<\/li>\n<li>Adaptation au changement climatique<\/li>\n<\/ul>\n<\/li>\n<\/ul>\n<p>Ces interventions seront conformes aux normes europ\u00e9ennes de durabilit\u00e9 et de protection de l&rsquo;environnement, contribuant ainsi \u00e0 la r\u00e9g\u00e9n\u00e9ration des \u00e9cosyst\u00e8mes fluviaux en Espagne.<\/p>\n<p>[\/et_pb_text][et_pb_text _builder_version=\u00a0\u00bb4.27.6&Prime; _module_preset=\u00a0\u00bbdefault\u00a0\u00bb theme_builder_area=\u00a0\u00bbpost_content\u00a0\u00bb hover_enabled=\u00a0\u00bb0&Prime; sticky_enabled=\u00a0\u00bb0&Prime;]<\/p>\n<h4>Synergies pour des projets \u00e0 fort impact<\/h4>\n<p>[\/et_pb_text][et_pb_text _builder_version=\u00a0\u00bb4.27.6&Prime; _module_preset=\u00a0\u00bbdefault\u00a0\u00bb theme_builder_area=\u00a0\u00bbpost_content\u00a0\u00bb hover_enabled=\u00a0\u00bb0&Prime; sticky_enabled=\u00a0\u00bb0&Prime;]<\/p>\n<p>La collaboration entre Nautilus Dragados et Grupo EULEN leur permettra de s&rsquo;attaquer \u00e0 des projets de plus grande envergure, en int\u00e9grant des capacit\u00e9s techniques, op\u00e9rationnelles et de gestion.<\/p>\n<p>Tandis que Nautilus Dragados apporte son expertise en mati\u00e8re de dragage durable et d&rsquo;infrastructures hydrauliques, Grupo EULEN apporte sa vaste exp\u00e9rience dans les services environnementaux et la gestion de projets globale.<\/p>\n<p>[\/et_pb_text][et_pb_text _builder_version=\u00a0\u00bb4.27.6&Prime; _module_preset=\u00a0\u00bbdefault\u00a0\u00bb theme_builder_area=\u00a0\u00bbpost_content\u00a0\u00bb hover_enabled=\u00a0\u00bb0&Prime; sticky_enabled=\u00a0\u00bb0&Prime;]<\/p>\n<h4>Une alliance strat\u00e9gique avec une vision d&rsquo;avenir<\/h4>\n<p>[\/et_pb_text][et_pb_text _builder_version=\u00a0\u00bb4.27.6&Prime; _module_preset=\u00a0\u00bbdefault\u00a0\u00bb theme_builder_area=\u00a0\u00bbpost_content\u00a0\u00bb hover_enabled=\u00a0\u00bb0&Prime; sticky_enabled=\u00a0\u00bb0&Prime;]<\/p>\n<p>Cet accord renforce la position des deux entreprises dans un secteur \u00e0 fort potentiel, port\u00e9 par les fonds europ\u00e9ens, la transition \u00e9cologique et le besoin croissant de restauration environnementale.<\/p>\n<p>Avec cette initiative, Nautilus Dragados continue de consolider sa position d&rsquo;acteur cl\u00e9 dans le d\u00e9veloppement de solutions durables pour le milieu aquatique, \u00e9tendant ainsi sa pr\u00e9sence \u00e0 l&rsquo;\u00e9chelle nationale.<\/p>\n<p>[\/et_pb_text][et_pb_divider _builder_version=\u00a0\u00bb4.27.6&Prime; _module_preset=\u00a0\u00bbdefault\u00a0\u00bb theme_builder_area=\u00a0\u00bbpost_content\u00a0\u00bb hover_enabled=\u00a0\u00bb0&Prime; sticky_enabled=\u00a0\u00bb0&Prime;][\/et_pb_divider][et_pb_text _builder_version=\u00a0\u00bb4.27.6&Prime; _module_preset=\u00a0\u00bbdefault\u00a0\u00bb theme_builder_area=\u00a0\u00bbpost_content\u00a0\u00bb text_font_size=\u00a0\u00bb10px\u00a0\u00bb hover_enabled=\u00a0\u00bb0&Prime; sticky_enabled=\u00a0\u00bb0&Prime;]<\/p>\n<p class=\"p1\">Photo de <a href=\"https:\/\/www.pexels.com\/es-es\/foto\/37237941\/\" target=\"_blank\" rel=\"noopener\">Veronika Benz<\/a><\/p>\n<p>[\/et_pb_text][\/et_pb_column][\/et_pb_row][\/et_pb_section]<\/p>\n","protected":false},"excerpt":{"rendered":"<p>Conform\u00e9ment \u00e0 son engagement en faveur du d\u00e9veloppement durable et de la protection de l&rsquo;environnement naturel, Nautilus Dragados a sign\u00e9 un accord de collaboration strat\u00e9gique avec Grupo EULEN pour le d\u00e9veloppement de projets visant \u00e0 am\u00e9liorer, r\u00e9cup\u00e9rer et restaurer les lits et les berges des rivi\u00e8res sur l&rsquo;ensemble du territoire national. Cet accord repr\u00e9sente une \u00e9tape cl\u00e9 dans l&rsquo;expansion de Nautilus Dragados vers de nouveaux secteurs d&rsquo;activit\u00e9 dans le domaine de l&rsquo;ing\u00e9nierie environnementale, combinant son exp\u00e9rience dans le milieu aquatique avec la capacit\u00e9 op\u00e9rationnelle et la pr\u00e9sence nationale du Grupo EULEN.Promouvoir la restauration des \u00e9cosyst\u00e8mes fluviauxLes rivi\u00e8res et leurs berges sont essentielles \u00e0 la biodiversit\u00e9, \u00e0 la gestion de l&rsquo;eau et \u00e0 la pr\u00e9vention des risques naturels tels que les inondations et l&rsquo;\u00e9rosion. Gr\u00e2ce \u00e0 cette collaboration, les deux entreprises d\u00e9velopperont des initiatives ax\u00e9es sur : Restauration \u00e9cologique des lits de rivi\u00e8re d\u00e9grad\u00e9s Am\u00e9lioration de la qualit\u00e9 de l&rsquo;eau Restauration des habitats naturels Stabilisation des berges et contr\u00f4le de l&rsquo;\u00e9rosion Adaptation au changement climatique Ces interventions seront conformes aux normes europ\u00e9ennes de durabilit\u00e9 et de protection de l&rsquo;environnement, contribuant ainsi \u00e0 la r\u00e9g\u00e9n\u00e9ration des \u00e9cosyst\u00e8mes fluviaux en Espagne.Synergies pour des projets \u00e0 fort impactLa collaboration entre Nautilus Dragados et Grupo [&hellip;]<\/p>\n","protected":false},"author":1,"featured_media":3092,"comment_status":"closed","ping_status":"closed","sticky":false,"template":"","format":"standard","meta":{"_et_pb_use_builder":"on","_et_pb_old_content":"","_et_gb_content_width":"","footnotes":""},"categories":[12],"tags":[],"class_list":["post-3097","post","type-post","status-publish","format-standard","has-post-thumbnail","hentry","category-non-classifiee"],"yoast_head":"<!-- This site is optimized with the Yoast SEO plugin v27.5 - https:\/\/yoast.com\/product\/yoast-seo-wordpress\/ -->\n<title>Nautilus Dragados y Grupo Eulen firman acuerdo de colaboraci\u00f3n para restauraci\u00f3n de r\u00edos en Espa\u00f1a<\/title>\n<meta name=\"description\" content=\"Nautilus Dragados et Grupo Eulen collaborent \u00e0 des projets de restauration des lits et des berges de rivi\u00e8res en Espagne, promouvant des solutions durables et la restauration de l&#039;environnement.\" \/>\n<meta name=\"robots\" content=\"index, follow, max-snippet:-1, max-image-preview:large, max-video-preview:-1\" \/>\n<link rel=\"canonical\" href=\"https:\/\/www.nautilusdragados.com\/fr\/nautilus-dragados-et-grupo-eulen-signent-un-accord-pour-la-restauration-des-lits-et-des-berges-de-rivieres-en-espagne\/\" \/>\n<meta property=\"og:locale\" content=\"fr_FR\" \/>\n<meta property=\"og:type\" content=\"article\" \/>\n<meta property=\"og:title\" content=\"Nautilus Dragados y Grupo Eulen firman acuerdo de colaboraci\u00f3n para restauraci\u00f3n de r\u00edos en Espa\u00f1a\" \/>\n<meta property=\"og:description\" content=\"Nautilus Dragados et Grupo Eulen collaborent \u00e0 des projets de restauration des lits et des berges de rivi\u00e8res en Espagne, promouvant des solutions durables et la restauration de l&#039;environnement.\" \/>\n<meta property=\"og:url\" content=\"https:\/\/www.nautilusdragados.com\/fr\/nautilus-dragados-et-grupo-eulen-signent-un-accord-pour-la-restauration-des-lits-et-des-berges-de-rivieres-en-espagne\/\" \/>\n<meta property=\"og:site_name\" content=\"Nautilus Dragados\" \/>\n<meta property=\"article:published_time\" content=\"2026-04-27T06:26:49+00:00\" \/>\n<meta property=\"article:modified_time\" content=\"2026-04-27T07:38:06+00:00\" \/>\n<meta property=\"og:image\" content=\"https:\/\/www.nautilusdragados.com\/wp-content\/uploads\/2026\/04\/acuerdo-nautilus-grupo-eulen-1024x683.jpg\" \/>\n<meta name=\"author\" content=\"admin\" \/>\n<meta name=\"twitter:card\" content=\"summary_large_image\" \/>\n<meta name=\"twitter:label1\" content=\"\u00c9crit par\" \/>\n\t<meta name=\"twitter:data1\" content=\"admin\" \/>\n\t<meta name=\"twitter:label2\" content=\"Dur\u00e9e de lecture estim\u00e9e\" \/>\n\t<meta name=\"twitter:data2\" content=\"3 minutes\" \/>\n<script type=\"application\/ld+json\" class=\"yoast-schema-graph\">{\"@context\":\"https:\\\/\\\/schema.org\",\"@graph\":[{\"@type\":\"Article\",\"@id\":\"https:\\\/\\\/www.nautilusdragados.com\\\/fr\\\/nautilus-dragados-et-grupo-eulen-signent-un-accord-pour-la-restauration-des-lits-et-des-berges-de-rivieres-en-espagne\\\/#article\",\"isPartOf\":{\"@id\":\"https:\\\/\\\/www.nautilusdragados.com\\\/fr\\\/nautilus-dragados-et-grupo-eulen-signent-un-accord-pour-la-restauration-des-lits-et-des-berges-de-rivieres-en-espagne\\\/\"},\"author\":{\"name\":\"admin\",\"@id\":\"https:\\\/\\\/www.nautilusdragados.com\\\/fr\\\/#\\\/schema\\\/person\\\/a7320e568496fcef6ae2fbdd392893fb\"},\"headline\":\"Nautilus Dragados et Grupo EULEN signent un accord de collaboration pour la restauration des lits et des berges de rivi\u00e8res en Espagne\",\"datePublished\":\"2026-04-27T06:26:49+00:00\",\"dateModified\":\"2026-04-27T07:38:06+00:00\",\"mainEntityOfPage\":{\"@id\":\"https:\\\/\\\/www.nautilusdragados.com\\\/fr\\\/nautilus-dragados-et-grupo-eulen-signent-un-accord-pour-la-restauration-des-lits-et-des-berges-de-rivieres-en-espagne\\\/\"},\"wordCount\":632,\"publisher\":{\"@id\":\"https:\\\/\\\/www.nautilusdragados.com\\\/fr\\\/#organization\"},\"image\":{\"@id\":\"https:\\\/\\\/www.nautilusdragados.com\\\/fr\\\/nautilus-dragados-et-grupo-eulen-signent-un-accord-pour-la-restauration-des-lits-et-des-berges-de-rivieres-en-espagne\\\/#primaryimage\"},\"thumbnailUrl\":\"https:\\\/\\\/www.nautilusdragados.com\\\/wp-content\\\/uploads\\\/2026\\\/04\\\/acuerdo-nautilus-grupo-eulen.jpg\",\"articleSection\":[\"Non classifi\u00e9(e)\"],\"inLanguage\":\"fr-FR\"},{\"@type\":\"WebPage\",\"@id\":\"https:\\\/\\\/www.nautilusdragados.com\\\/fr\\\/nautilus-dragados-et-grupo-eulen-signent-un-accord-pour-la-restauration-des-lits-et-des-berges-de-rivieres-en-espagne\\\/\",\"url\":\"https:\\\/\\\/www.nautilusdragados.com\\\/fr\\\/nautilus-dragados-et-grupo-eulen-signent-un-accord-pour-la-restauration-des-lits-et-des-berges-de-rivieres-en-espagne\\\/\",\"name\":\"Nautilus Dragados y Grupo Eulen firman acuerdo de colaboraci\u00f3n para restauraci\u00f3n de r\u00edos en Espa\u00f1a\",\"isPartOf\":{\"@id\":\"https:\\\/\\\/www.nautilusdragados.com\\\/fr\\\/#website\"},\"primaryImageOfPage\":{\"@id\":\"https:\\\/\\\/www.nautilusdragados.com\\\/fr\\\/nautilus-dragados-et-grupo-eulen-signent-un-accord-pour-la-restauration-des-lits-et-des-berges-de-rivieres-en-espagne\\\/#primaryimage\"},\"image\":{\"@id\":\"https:\\\/\\\/www.nautilusdragados.com\\\/fr\\\/nautilus-dragados-et-grupo-eulen-signent-un-accord-pour-la-restauration-des-lits-et-des-berges-de-rivieres-en-espagne\\\/#primaryimage\"},\"thumbnailUrl\":\"https:\\\/\\\/www.nautilusdragados.com\\\/wp-content\\\/uploads\\\/2026\\\/04\\\/acuerdo-nautilus-grupo-eulen.jpg\",\"datePublished\":\"2026-04-27T06:26:49+00:00\",\"dateModified\":\"2026-04-27T07:38:06+00:00\",\"description\":\"Nautilus Dragados et Grupo Eulen collaborent \u00e0 des projets de restauration des lits et des berges de rivi\u00e8res en Espagne, promouvant des solutions durables et la restauration de l'environnement.\",\"breadcrumb\":{\"@id\":\"https:\\\/\\\/www.nautilusdragados.com\\\/fr\\\/nautilus-dragados-et-grupo-eulen-signent-un-accord-pour-la-restauration-des-lits-et-des-berges-de-rivieres-en-espagne\\\/#breadcrumb\"},\"inLanguage\":\"fr-FR\",\"potentialAction\":[{\"@type\":\"ReadAction\",\"target\":[\"https:\\\/\\\/www.nautilusdragados.com\\\/fr\\\/nautilus-dragados-et-grupo-eulen-signent-un-accord-pour-la-restauration-des-lits-et-des-berges-de-rivieres-en-espagne\\\/\"]}]},{\"@type\":\"ImageObject\",\"inLanguage\":\"fr-FR\",\"@id\":\"https:\\\/\\\/www.nautilusdragados.com\\\/fr\\\/nautilus-dragados-et-grupo-eulen-signent-un-accord-pour-la-restauration-des-lits-et-des-berges-de-rivieres-en-espagne\\\/#primaryimage\",\"url\":\"https:\\\/\\\/www.nautilusdragados.com\\\/wp-content\\\/uploads\\\/2026\\\/04\\\/acuerdo-nautilus-grupo-eulen.jpg\",\"contentUrl\":\"https:\\\/\\\/www.nautilusdragados.com\\\/wp-content\\\/uploads\\\/2026\\\/04\\\/acuerdo-nautilus-grupo-eulen.jpg\",\"width\":1200,\"height\":800,\"caption\":\"Acuerdo Nautilus Dragados con Grupo Eulen\"},{\"@type\":\"BreadcrumbList\",\"@id\":\"https:\\\/\\\/www.nautilusdragados.com\\\/fr\\\/nautilus-dragados-et-grupo-eulen-signent-un-accord-pour-la-restauration-des-lits-et-des-berges-de-rivieres-en-espagne\\\/#breadcrumb\",\"itemListElement\":[{\"@type\":\"ListItem\",\"position\":1,\"name\":\"Portada\",\"item\":\"https:\\\/\\\/www.nautilusdragados.com\\\/fr\\\/\"},{\"@type\":\"ListItem\",\"position\":2,\"name\":\"Nautilus Dragados et Grupo EULEN signent un accord de collaboration pour la restauration des lits et des berges de rivi\u00e8res en Espagne\"}]},{\"@type\":\"WebSite\",\"@id\":\"https:\\\/\\\/www.nautilusdragados.com\\\/fr\\\/#website\",\"url\":\"https:\\\/\\\/www.nautilusdragados.com\\\/fr\\\/\",\"name\":\"Dragados Nautilus\",\"description\":\"Retos medioambientales marinos\",\"publisher\":{\"@id\":\"https:\\\/\\\/www.nautilusdragados.com\\\/fr\\\/#organization\"},\"potentialAction\":[{\"@type\":\"SearchAction\",\"target\":{\"@type\":\"EntryPoint\",\"urlTemplate\":\"https:\\\/\\\/www.nautilusdragados.com\\\/fr\\\/?s={search_term_string}\"},\"query-input\":{\"@type\":\"PropertyValueSpecification\",\"valueRequired\":true,\"valueName\":\"search_term_string\"}}],\"inLanguage\":\"fr-FR\"},{\"@type\":\"Organization\",\"@id\":\"https:\\\/\\\/www.nautilusdragados.com\\\/fr\\\/#organization\",\"name\":\"Dragados Nautilus\",\"url\":\"https:\\\/\\\/www.nautilusdragados.com\\\/fr\\\/\",\"logo\":{\"@type\":\"ImageObject\",\"inLanguage\":\"fr-FR\",\"@id\":\"https:\\\/\\\/www.nautilusdragados.com\\\/fr\\\/#\\\/schema\\\/logo\\\/image\\\/\",\"url\":\"https:\\\/\\\/www.nautilusdragados.com\\\/wp-content\\\/uploads\\\/2024\\\/09\\\/logo-nautilus.png\",\"contentUrl\":\"https:\\\/\\\/www.nautilusdragados.com\\\/wp-content\\\/uploads\\\/2024\\\/09\\\/logo-nautilus.png\",\"width\":482,\"height\":115,\"caption\":\"Dragados Nautilus\"},\"image\":{\"@id\":\"https:\\\/\\\/www.nautilusdragados.com\\\/fr\\\/#\\\/schema\\\/logo\\\/image\\\/\"}},{\"@type\":\"Person\",\"@id\":\"https:\\\/\\\/www.nautilusdragados.com\\\/fr\\\/#\\\/schema\\\/person\\\/a7320e568496fcef6ae2fbdd392893fb\",\"name\":\"admin\",\"image\":{\"@type\":\"ImageObject\",\"inLanguage\":\"fr-FR\",\"@id\":\"https:\\\/\\\/secure.gravatar.com\\\/avatar\\\/8d6dcab9ee12841d4b3c71b7639455bb04683d31fd41ad66ec3164209d3e2a0b?s=96&d=mm&r=g\",\"url\":\"https:\\\/\\\/secure.gravatar.com\\\/avatar\\\/8d6dcab9ee12841d4b3c71b7639455bb04683d31fd41ad66ec3164209d3e2a0b?s=96&d=mm&r=g\",\"contentUrl\":\"https:\\\/\\\/secure.gravatar.com\\\/avatar\\\/8d6dcab9ee12841d4b3c71b7639455bb04683d31fd41ad66ec3164209d3e2a0b?s=96&d=mm&r=g\",\"caption\":\"admin\"},\"sameAs\":[\"https:\\\/\\\/www.nautilusdragados.com\"],\"url\":\"https:\\\/\\\/www.nautilusdragados.com\\\/fr\\\/author\\\/admin\\\/\"}]}<\/script>\n<!-- \/ Yoast SEO plugin. -->","yoast_head_json":{"title":"Nautilus Dragados y Grupo Eulen firman acuerdo de colaboraci\u00f3n para restauraci\u00f3n de r\u00edos en Espa\u00f1a","description":"Nautilus Dragados et Grupo Eulen collaborent \u00e0 des projets de restauration des lits et des berges de rivi\u00e8res en Espagne, promouvant des solutions durables et la restauration de l'environnement.","robots":{"index":"index","follow":"follow","max-snippet":"max-snippet:-1","max-image-preview":"max-image-preview:large","max-video-preview":"max-video-preview:-1"},"canonical":"https:\/\/www.nautilusdragados.com\/fr\/nautilus-dragados-et-grupo-eulen-signent-un-accord-pour-la-restauration-des-lits-et-des-berges-de-rivieres-en-espagne\/","og_locale":"fr_FR","og_type":"article","og_title":"Nautilus Dragados y Grupo Eulen firman acuerdo de colaboraci\u00f3n para restauraci\u00f3n de r\u00edos en Espa\u00f1a","og_description":"Nautilus Dragados et Grupo Eulen collaborent \u00e0 des projets de restauration des lits et des berges de rivi\u00e8res en Espagne, promouvant des solutions durables et la restauration de l'environnement.","og_url":"https:\/\/www.nautilusdragados.com\/fr\/nautilus-dragados-et-grupo-eulen-signent-un-accord-pour-la-restauration-des-lits-et-des-berges-de-rivieres-en-espagne\/","og_site_name":"Nautilus Dragados","article_published_time":"2026-04-27T06:26:49+00:00","article_modified_time":"2026-04-27T07:38:06+00:00","og_image":[{"url":"https:\/\/www.nautilusdragados.com\/wp-content\/uploads\/2026\/04\/acuerdo-nautilus-grupo-eulen-1024x683.jpg","type":"","width":"","height":""}],"author":"admin","twitter_card":"summary_large_image","twitter_misc":{"\u00c9crit par":"admin","Dur\u00e9e de lecture estim\u00e9e":"3 minutes"},"schema":{"@context":"https:\/\/schema.org","@graph":[{"@type":"Article","@id":"https:\/\/www.nautilusdragados.com\/fr\/nautilus-dragados-et-grupo-eulen-signent-un-accord-pour-la-restauration-des-lits-et-des-berges-de-rivieres-en-espagne\/#article","isPartOf":{"@id":"https:\/\/www.nautilusdragados.com\/fr\/nautilus-dragados-et-grupo-eulen-signent-un-accord-pour-la-restauration-des-lits-et-des-berges-de-rivieres-en-espagne\/"},"author":{"name":"admin","@id":"https:\/\/www.nautilusdragados.com\/fr\/#\/schema\/person\/a7320e568496fcef6ae2fbdd392893fb"},"headline":"Nautilus Dragados et Grupo EULEN signent un accord de collaboration pour la restauration des lits et des berges de rivi\u00e8res en Espagne","datePublished":"2026-04-27T06:26:49+00:00","dateModified":"2026-04-27T07:38:06+00:00","mainEntityOfPage":{"@id":"https:\/\/www.nautilusdragados.com\/fr\/nautilus-dragados-et-grupo-eulen-signent-un-accord-pour-la-restauration-des-lits-et-des-berges-de-rivieres-en-espagne\/"},"wordCount":632,"publisher":{"@id":"https:\/\/www.nautilusdragados.com\/fr\/#organization"},"image":{"@id":"https:\/\/www.nautilusdragados.com\/fr\/nautilus-dragados-et-grupo-eulen-signent-un-accord-pour-la-restauration-des-lits-et-des-berges-de-rivieres-en-espagne\/#primaryimage"},"thumbnailUrl":"https:\/\/www.nautilusdragados.com\/wp-content\/uploads\/2026\/04\/acuerdo-nautilus-grupo-eulen.jpg","articleSection":["Non classifi\u00e9(e)"],"inLanguage":"fr-FR"},{"@type":"WebPage","@id":"https:\/\/www.nautilusdragados.com\/fr\/nautilus-dragados-et-grupo-eulen-signent-un-accord-pour-la-restauration-des-lits-et-des-berges-de-rivieres-en-espagne\/","url":"https:\/\/www.nautilusdragados.com\/fr\/nautilus-dragados-et-grupo-eulen-signent-un-accord-pour-la-restauration-des-lits-et-des-berges-de-rivieres-en-espagne\/","name":"Nautilus Dragados y Grupo Eulen firman acuerdo de colaboraci\u00f3n para restauraci\u00f3n de r\u00edos en Espa\u00f1a","isPartOf":{"@id":"https:\/\/www.nautilusdragados.com\/fr\/#website"},"primaryImageOfPage":{"@id":"https:\/\/www.nautilusdragados.com\/fr\/nautilus-dragados-et-grupo-eulen-signent-un-accord-pour-la-restauration-des-lits-et-des-berges-de-rivieres-en-espagne\/#primaryimage"},"image":{"@id":"https:\/\/www.nautilusdragados.com\/fr\/nautilus-dragados-et-grupo-eulen-signent-un-accord-pour-la-restauration-des-lits-et-des-berges-de-rivieres-en-espagne\/#primaryimage"},"thumbnailUrl":"https:\/\/www.nautilusdragados.com\/wp-content\/uploads\/2026\/04\/acuerdo-nautilus-grupo-eulen.jpg","datePublished":"2026-04-27T06:26:49+00:00","dateModified":"2026-04-27T07:38:06+00:00","description":"Nautilus Dragados et Grupo Eulen collaborent \u00e0 des projets de restauration des lits et des berges de rivi\u00e8res en Espagne, promouvant des solutions durables et la restauration de l'environnement.","breadcrumb":{"@id":"https:\/\/www.nautilusdragados.com\/fr\/nautilus-dragados-et-grupo-eulen-signent-un-accord-pour-la-restauration-des-lits-et-des-berges-de-rivieres-en-espagne\/#breadcrumb"},"inLanguage":"fr-FR","potentialAction":[{"@type":"ReadAction","target":["https:\/\/www.nautilusdragados.com\/fr\/nautilus-dragados-et-grupo-eulen-signent-un-accord-pour-la-restauration-des-lits-et-des-berges-de-rivieres-en-espagne\/"]}]},{"@type":"ImageObject","inLanguage":"fr-FR","@id":"https:\/\/www.nautilusdragados.com\/fr\/nautilus-dragados-et-grupo-eulen-signent-un-accord-pour-la-restauration-des-lits-et-des-berges-de-rivieres-en-espagne\/#primaryimage","url":"https:\/\/www.nautilusdragados.com\/wp-content\/uploads\/2026\/04\/acuerdo-nautilus-grupo-eulen.jpg","contentUrl":"https:\/\/www.nautilusdragados.com\/wp-content\/uploads\/2026\/04\/acuerdo-nautilus-grupo-eulen.jpg","width":1200,"height":800,"caption":"Acuerdo Nautilus Dragados con Grupo Eulen"},{"@type":"BreadcrumbList","@id":"https:\/\/www.nautilusdragados.com\/fr\/nautilus-dragados-et-grupo-eulen-signent-un-accord-pour-la-restauration-des-lits-et-des-berges-de-rivieres-en-espagne\/#breadcrumb","itemListElement":[{"@type":"ListItem","position":1,"name":"Portada","item":"https:\/\/www.nautilusdragados.com\/fr\/"},{"@type":"ListItem","position":2,"name":"Nautilus Dragados et Grupo EULEN signent un accord de collaboration pour la restauration des lits et des berges de rivi\u00e8res en Espagne"}]},{"@type":"WebSite","@id":"https:\/\/www.nautilusdragados.com\/fr\/#website","url":"https:\/\/www.nautilusdragados.com\/fr\/","name":"Dragados Nautilus","description":"Retos medioambientales marinos","publisher":{"@id":"https:\/\/www.nautilusdragados.com\/fr\/#organization"},"potentialAction":[{"@type":"SearchAction","target":{"@type":"EntryPoint","urlTemplate":"https:\/\/www.nautilusdragados.com\/fr\/?s={search_term_string}"},"query-input":{"@type":"PropertyValueSpecification","valueRequired":true,"valueName":"search_term_string"}}],"inLanguage":"fr-FR"},{"@type":"Organization","@id":"https:\/\/www.nautilusdragados.com\/fr\/#organization","name":"Dragados Nautilus","url":"https:\/\/www.nautilusdragados.com\/fr\/","logo":{"@type":"ImageObject","inLanguage":"fr-FR","@id":"https:\/\/www.nautilusdragados.com\/fr\/#\/schema\/logo\/image\/","url":"https:\/\/www.nautilusdragados.com\/wp-content\/uploads\/2024\/09\/logo-nautilus.png","contentUrl":"https:\/\/www.nautilusdragados.com\/wp-content\/uploads\/2024\/09\/logo-nautilus.png","width":482,"height":115,"caption":"Dragados Nautilus"},"image":{"@id":"https:\/\/www.nautilusdragados.com\/fr\/#\/schema\/logo\/image\/"}},{"@type":"Person","@id":"https:\/\/www.nautilusdragados.com\/fr\/#\/schema\/person\/a7320e568496fcef6ae2fbdd392893fb","name":"admin","image":{"@type":"ImageObject","inLanguage":"fr-FR","@id":"https:\/\/secure.gravatar.com\/avatar\/8d6dcab9ee12841d4b3c71b7639455bb04683d31fd41ad66ec3164209d3e2a0b?s=96&d=mm&r=g","url":"https:\/\/secure.gravatar.com\/avatar\/8d6dcab9ee12841d4b3c71b7639455bb04683d31fd41ad66ec3164209d3e2a0b?s=96&d=mm&r=g","contentUrl":"https:\/\/secure.gravatar.com\/avatar\/8d6dcab9ee12841d4b3c71b7639455bb04683d31fd41ad66ec3164209d3e2a0b?s=96&d=mm&r=g","caption":"admin"},"sameAs":["https:\/\/www.nautilusdragados.com"],"url":"https:\/\/www.nautilusdragados.com\/fr\/author\/admin\/"}]}},"_links":{"self":[{"href":"https:\/\/www.nautilusdragados.com\/fr\/wp-json\/wp\/v2\/posts\/3097","targetHints":{"allow":["GET"]}}],"collection":[{"href":"https:\/\/www.nautilusdragados.com\/fr\/wp-json\/wp\/v2\/posts"}],"about":[{"href":"https:\/\/www.nautilusdragados.com\/fr\/wp-json\/wp\/v2\/types\/post"}],"author":[{"embeddable":true,"href":"https:\/\/www.nautilusdragados.com\/fr\/wp-json\/wp\/v2\/users\/1"}],"replies":[{"embeddable":true,"href":"https:\/\/www.nautilusdragados.com\/fr\/wp-json\/wp\/v2\/comments?post=3097"}],"version-history":[{"count":12,"href":"https:\/\/www.nautilusdragados.com\/fr\/wp-json\/wp\/v2\/posts\/3097\/revisions"}],"predecessor-version":[{"id":3144,"href":"https:\/\/www.nautilusdragados.com\/fr\/wp-json\/wp\/v2\/posts\/3097\/revisions\/3144"}],"wp:featuredmedia":[{"embeddable":true,"href":"https:\/\/www.nautilusdragados.com\/fr\/wp-json\/wp\/v2\/media\/3092"}],"wp:attachment":[{"href":"https:\/\/www.nautilusdragados.com\/fr\/wp-json\/wp\/v2\/media?parent=3097"}],"wp:term":[{"taxonomy":"category","embeddable":true,"href":"https:\/\/www.nautilusdragados.com\/fr\/wp-json\/wp\/v2\/categories?post=3097"},{"taxonomy":"post_tag","embeddable":true,"href":"https:\/\/www.nautilusdragados.com\/fr\/wp-json\/wp\/v2\/tags?post=3097"}],"curies":[{"name":"wp","href":"https:\/\/api.w.org\/{rel}","templated":true}]}}